{"id":7432,"date":"2020-10-01T16:52:48","date_gmt":"2020-10-01T20:52:48","guid":{"rendered":"https:\/\/www.pedroandretta.info\/index\/?p=7432"},"modified":"2020-10-01T16:52:48","modified_gmt":"2020-10-01T20:52:48","slug":"projeto-de-alfabetizacao-do-mec-expoe-face-autoritaria-em-curso-no-pais-diz-ma","status":"publish","type":"post","link":"https:\/\/www.pedroandretta.info\/index\/2020\/10\/projeto-de-alfabetizacao-do-mec-expoe-face-autoritaria-em-curso-no-pais-diz-ma\/","title":{"rendered":"Projeto de #alfabetiza\u00e7\u00e3o do MEC exp\u00f5e face autorit\u00e1ria em curso no pa\u00eds, diz ma&#8230;"},"content":{"rendered":"<p>[ad_1]<\/p>\n<blockquote class=\"twitter-tweet\">\n<p lang=\"pt\" dir=\"ltr\">Projeto de <a target=\"_blank\" href=\"https:\/\/twitter.com\/hashtag\/alfabetiza%C3%A7%C3%A3o?src=hash&amp;ref_src=twsrc%5Etfw\" rel=\"noopener noreferrer\">#alfabetiza\u00e7\u00e3o<\/a> do MEC exp\u00f5e face autorit\u00e1ria em curso no pa\u00eds, diz manifesto | \u201cDentro de uma proposta denominada \u2018 <a target=\"_blank\" href=\"https:\/\/twitter.com\/hashtag\/LiteraciaFamiliar?src=hash&amp;ref_src=twsrc%5Etfw\" rel=\"noopener noreferrer\">#LiteraciaFamiliar<\/a> \u2019, nega-se a bibliodiversidade, caracter\u00edstica da produ\u00e7\u00e3o editorial brasileira [&#8230;]\u201d via Biblioo <a target=\"_blank\" href=\"https:\/\/t.co\/RpbJhCpBUh\" rel=\"noopener noreferrer\">https:\/\/t.co\/RpbJhCpBUh<\/a><\/p>\n<p>&mdash; Pedro Andretta (@pedroisandretta) <a target=\"_blank\" href=\"https:\/\/twitter.com\/pedroisandretta\/status\/1311771066403098626?ref_src=twsrc%5Etfw\" rel=\"noopener noreferrer\">October 1, 2020<\/a><\/p><\/blockquote>\n<p><script async src=\"https:\/\/platform.twitter.com\/widgets.js\" charset=\"utf-8\"><\/script><\/p>\n<p>[ad_2]<br \/>\n<br \/><a href=\"https:\/\/twitter.com\/pedroisandretta\/statuses\/1311771066403098626\">Fonte<\/a> : Projeto <a href=\"https:\/\/www.pedroandretta.info\/informeci\">Informe-CI<\/a><\/p>\n","protected":false},"excerpt":{"rendered":"<p>[ad_1] Projeto de #alfabetiza\u00e7\u00e3o do MEC exp\u00f5e face autorit\u00e1ria em curso no pa\u00eds, diz manifesto | \u201cDentro de uma proposta denominada \u2018 #LiteraciaFamiliar \u2019, nega-se a bibliodiversidade, caracter\u00edstica da produ\u00e7\u00e3o editorial brasileira [&#8230;]\u201d via Biblioo https:\/\/t.co\/RpbJhCpBUh &mdash; Pedro Andretta (@pedroisandretta) October 1, 2020 [ad_2] Fonte : Projeto Informe-CI<\/p>\n","protected":false},"author":1,"featured_media":0,"comment_status":"open","ping_status":"open","sticky":false,"template":"","format":"standard","meta":{"_jetpack_memberships_contains_paid_content":false,"footnotes":"","jetpack_publicize_message":"","jetpack_publicize_feature_enabled":true,"jetpack_social_post_already_shared":true,"jetpack_social_options":{"image_generator_settings":{"template":"highway","default_image_id":0,"font":"","enabled":false},"version":2}},"categories":[21],"tags":[436,1422],"class_list":["post-7432","post","type-post","status-publish","format-standard","hentry","category-informeci","tag-alfabetizacao","tag-literaciafamiliar"],"jetpack_publicize_connections":[],"jetpack_featured_media_url":"","views":"","jetpack_sharing_enabled":true,"_links":{"self":[{"href":"https:\/\/www.pedroandretta.info\/index\/wp-json\/wp\/v2\/posts\/7432","targetHints":{"allow":["GET"]}}],"collection":[{"href":"https:\/\/www.pedroandretta.info\/index\/wp-json\/wp\/v2\/posts"}],"about":[{"href":"https:\/\/www.pedroandretta.info\/index\/wp-json\/wp\/v2\/types\/post"}],"author":[{"embeddable":true,"href":"https:\/\/www.pedroandretta.info\/index\/wp-json\/wp\/v2\/users\/1"}],"replies":[{"embeddable":true,"href":"https:\/\/www.pedroandretta.info\/index\/wp-json\/wp\/v2\/comments?post=7432"}],"version-history":[{"count":0,"href":"https:\/\/www.pedroandretta.info\/index\/wp-json\/wp\/v2\/posts\/7432\/revisions"}],"wp:attachment":[{"href":"https:\/\/www.pedroandretta.info\/index\/wp-json\/wp\/v2\/media?parent=7432"}],"wp:term":[{"taxonomy":"category","embeddable":true,"href":"https:\/\/www.pedroandretta.info\/index\/wp-json\/wp\/v2\/categories?post=7432"},{"taxonomy":"post_tag","embeddable":true,"href":"https:\/\/www.pedroandretta.info\/index\/wp-json\/wp\/v2\/tags?post=7432"}],"curies":[{"name":"wp","href":"https:\/\/api.w.org\/{rel}","templated":true}]}}