{"id":7435,"date":"2020-10-01T16:45:19","date_gmt":"2020-10-01T20:45:19","guid":{"rendered":"https:\/\/www.pedroandretta.info\/index\/?p=7435"},"modified":"2020-10-01T16:45:19","modified_gmt":"2020-10-01T20:45:19","slug":"livros-reunem-historias-que-criancas-com-doencas-graves-querem-contar-ao-mundo","status":"publish","type":"post","link":"https:\/\/www.pedroandretta.info\/index\/2020\/10\/livros-reunem-historias-que-criancas-com-doencas-graves-querem-contar-ao-mundo\/","title":{"rendered":"Livros re\u00fanem hist\u00f3rias que #crian\u00e7as com doen\u00e7as graves querem contar ao mundo &#8230;"},"content":{"rendered":"<p>[ad_1]<\/p>\n<blockquote class=\"twitter-tweet\">\n<p lang=\"pt\" dir=\"ltr\">Livros re\u00fanem hist\u00f3rias que <a target=\"_blank\" href=\"https:\/\/twitter.com\/hashtag\/crian%C3%A7as?src=hash&amp;ref_src=twsrc%5Etfw\" rel=\"noopener noreferrer\">#crian\u00e7as<\/a> com doen\u00e7as graves querem contar ao mundo |\u201cElas se tornam autoras de um <a target=\"_blank\" href=\"https:\/\/twitter.com\/hashtag\/LivroInfantil?src=hash&amp;ref_src=twsrc%5Etfw\" rel=\"noopener noreferrer\">#LivroInfantil<\/a> . \u00c9 uma grande coisa. Haver\u00e1 uma publica\u00e7\u00e3o, uma sess\u00e3o de aut\u00f3grafos, com toda a fam\u00edlia, amigos e comunidade\u201d,diz Graham via BBC <a target=\"_blank\" href=\"https:\/\/t.co\/0FqOaZEPiX\" rel=\"noopener noreferrer\">https:\/\/t.co\/0FqOaZEPiX<\/a><\/p>\n<p>&mdash; Pedro Andretta (@pedroisandretta) <a target=\"_blank\" href=\"https:\/\/twitter.com\/pedroisandretta\/status\/1311769184322359299?ref_src=twsrc%5Etfw\" rel=\"noopener noreferrer\">October 1, 2020<\/a><\/p><\/blockquote>\n<p><script async src=\"https:\/\/platform.twitter.com\/widgets.js\" charset=\"utf-8\"><\/script><\/p>\n<p>[ad_2]<br \/>\n<br \/><a href=\"https:\/\/twitter.com\/pedroisandretta\/statuses\/1311769184322359299\">Fonte<\/a> : Projeto <a href=\"https:\/\/www.pedroandretta.info\/informeci\">Informe-CI<\/a><\/p>\n","protected":false},"excerpt":{"rendered":"<p>[ad_1] Livros re\u00fanem hist\u00f3rias que #crian\u00e7as com doen\u00e7as graves querem contar ao mundo |\u201cElas se tornam autoras de um #LivroInfantil . \u00c9 uma grande coisa. Haver\u00e1 uma publica\u00e7\u00e3o, uma sess\u00e3o de aut\u00f3grafos, com toda a fam\u00edlia, amigos e comunidade\u201d,diz Graham via BBC https:\/\/t.co\/0FqOaZEPiX &mdash; Pedro Andretta (@pedroisandretta) October 1, 2020 [ad_2] Fonte : Projeto Informe-CI<\/p>\n","protected":false},"author":1,"featured_media":0,"comment_status":"open","ping_status":"open","sticky":false,"template":"","format":"standard","meta":{"_jetpack_memberships_contains_paid_content":false,"footnotes":"","jetpack_publicize_message":"","jetpack_publicize_feature_enabled":true,"jetpack_social_post_already_shared":true,"jetpack_social_options":{"image_generator_settings":{"template":"highway","default_image_id":0,"font":"","enabled":false},"version":2}},"categories":[21],"tags":[147,302],"class_list":["post-7435","post","type-post","status-publish","format-standard","hentry","category-informeci","tag-criancas","tag-livrosinfantis"],"jetpack_publicize_connections":[],"jetpack_featured_media_url":"","views":"","jetpack_sharing_enabled":true,"_links":{"self":[{"href":"https:\/\/www.pedroandretta.info\/index\/wp-json\/wp\/v2\/posts\/7435","targetHints":{"allow":["GET"]}}],"collection":[{"href":"https:\/\/www.pedroandretta.info\/index\/wp-json\/wp\/v2\/posts"}],"about":[{"href":"https:\/\/www.pedroandretta.info\/index\/wp-json\/wp\/v2\/types\/post"}],"author":[{"embeddable":true,"href":"https:\/\/www.pedroandretta.info\/index\/wp-json\/wp\/v2\/users\/1"}],"replies":[{"embeddable":true,"href":"https:\/\/www.pedroandretta.info\/index\/wp-json\/wp\/v2\/comments?post=7435"}],"version-history":[{"count":0,"href":"https:\/\/www.pedroandretta.info\/index\/wp-json\/wp\/v2\/posts\/7435\/revisions"}],"wp:attachment":[{"href":"https:\/\/www.pedroandretta.info\/index\/wp-json\/wp\/v2\/media?parent=7435"}],"wp:term":[{"taxonomy":"category","embeddable":true,"href":"https:\/\/www.pedroandretta.info\/index\/wp-json\/wp\/v2\/categories?post=7435"},{"taxonomy":"post_tag","embeddable":true,"href":"https:\/\/www.pedroandretta.info\/index\/wp-json\/wp\/v2\/tags?post=7435"}],"curies":[{"name":"wp","href":"https:\/\/api.w.org\/{rel}","templated":true}]}}