{"id":7556,"date":"2020-10-07T21:53:45","date_gmt":"2020-10-08T01:53:45","guid":{"rendered":"https:\/\/www.pedroandretta.info\/index\/?p=7556"},"modified":"2020-10-07T21:53:45","modified_gmt":"2020-10-08T01:53:45","slug":"acho-que-a-arquivistica-e-os-arquivistas-estiveram-a-altura-dos-desafios-que-s","status":"publish","type":"post","link":"https:\/\/www.pedroandretta.info\/index\/2020\/10\/acho-que-a-arquivistica-e-os-arquivistas-estiveram-a-altura-dos-desafios-que-s\/","title":{"rendered":"\u201cAcho que a #arquiv\u00edstica e os arquivistas estiveram \u00e0 altura dos desafios que s&#8230;"},"content":{"rendered":"<p>[ad_1]<\/p>\n<blockquote class=\"twitter-tweet\">\n<p lang=\"pt\" dir=\"ltr\">\u201cAcho que a <a target=\"_blank\" href=\"https:\/\/twitter.com\/hashtag\/arquiv%C3%ADstica?src=hash&amp;ref_src=twsrc%5Etfw\" rel=\"noopener noreferrer\">#arquiv\u00edstica<\/a> e os arquivistas estiveram \u00e0 altura dos desafios que se colocaram \u00e0 Ci\u00eancia em geral neste s\u00e9culo XXI\u201d |  <a target=\"_blank\" href=\"https:\/\/twitter.com\/hashtag\/Entrevista?src=hash&amp;ref_src=twsrc%5Etfw\" rel=\"noopener noreferrer\">#Entrevista<\/a> com Maria do Ros\u00e1rio da Costa Bastos, docente na Universidade Aberta &#8211; Portugal. <a target=\"_blank\" href=\"https:\/\/twitter.com\/hashtag\/Hist%C3%B3riaAmbiental?src=hash&amp;ref_src=twsrc%5Etfw\" rel=\"noopener noreferrer\">#Hist\u00f3riaAmbiental<\/a> via Archivoz <a target=\"_blank\" href=\"https:\/\/t.co\/TKlNsnDbmH\" rel=\"noopener noreferrer\">https:\/\/t.co\/TKlNsnDbmH<\/a><\/p>\n<p>&mdash; Pedro Andretta (@pedroisandretta) <a target=\"_blank\" href=\"https:\/\/twitter.com\/pedroisandretta\/status\/1314021132585103361?ref_src=twsrc%5Etfw\" rel=\"noopener noreferrer\">October 8, 2020<\/a><\/p><\/blockquote>\n<p><script async src=\"https:\/\/platform.twitter.com\/widgets.js\" charset=\"utf-8\"><\/script><\/p>\n<p>[ad_2]<br \/>\n<br \/><a href=\"https:\/\/twitter.com\/pedroisandretta\/statuses\/1314021132585103361\">Fonte<\/a> : Projeto <a href=\"https:\/\/www.pedroandretta.info\/informeci\">Informe-CI<\/a><\/p>\n","protected":false},"excerpt":{"rendered":"<p>[ad_1] \u201cAcho que a #arquiv\u00edstica e os arquivistas estiveram \u00e0 altura dos desafios que se colocaram \u00e0 Ci\u00eancia em geral neste s\u00e9culo XXI\u201d | #Entrevista com Maria do Ros\u00e1rio da Costa Bastos, docente na Universidade Aberta &#8211; Portugal. #Hist\u00f3riaAmbiental via Archivoz https:\/\/t.co\/TKlNsnDbmH &mdash; Pedro Andretta (@pedroisandretta) October 8, 2020 [ad_2] Fonte : Projeto Informe-CI<\/p>\n","protected":false},"author":1,"featured_media":0,"comment_status":"open","ping_status":"open","sticky":false,"template":"","format":"standard","meta":{"_jetpack_memberships_contains_paid_content":false,"footnotes":"","jetpack_publicize_message":"","jetpack_publicize_feature_enabled":true,"jetpack_social_post_already_shared":true,"jetpack_social_options":{"image_generator_settings":{"template":"highway","default_image_id":0,"font":"","enabled":false},"version":2}},"categories":[21],"tags":[25,601,1440],"class_list":["post-7556","post","type-post","status-publish","format-standard","hentry","category-informeci","tag-arquivistica","tag-entrevista","tag-historiaambiental"],"jetpack_publicize_connections":[],"jetpack_featured_media_url":"","views":"","jetpack_sharing_enabled":true,"_links":{"self":[{"href":"https:\/\/www.pedroandretta.info\/index\/wp-json\/wp\/v2\/posts\/7556","targetHints":{"allow":["GET"]}}],"collection":[{"href":"https:\/\/www.pedroandretta.info\/index\/wp-json\/wp\/v2\/posts"}],"about":[{"href":"https:\/\/www.pedroandretta.info\/index\/wp-json\/wp\/v2\/types\/post"}],"author":[{"embeddable":true,"href":"https:\/\/www.pedroandretta.info\/index\/wp-json\/wp\/v2\/users\/1"}],"replies":[{"embeddable":true,"href":"https:\/\/www.pedroandretta.info\/index\/wp-json\/wp\/v2\/comments?post=7556"}],"version-history":[{"count":0,"href":"https:\/\/www.pedroandretta.info\/index\/wp-json\/wp\/v2\/posts\/7556\/revisions"}],"wp:attachment":[{"href":"https:\/\/www.pedroandretta.info\/index\/wp-json\/wp\/v2\/media?parent=7556"}],"wp:term":[{"taxonomy":"category","embeddable":true,"href":"https:\/\/www.pedroandretta.info\/index\/wp-json\/wp\/v2\/categories?post=7556"},{"taxonomy":"post_tag","embeddable":true,"href":"https:\/\/www.pedroandretta.info\/index\/wp-json\/wp\/v2\/tags?post=7556"}],"curies":[{"name":"wp","href":"https:\/\/api.w.org\/{rel}","templated":true}]}}