{"id":7627,"date":"2020-10-13T14:53:32","date_gmt":"2020-10-13T18:53:32","guid":{"rendered":"https:\/\/www.pedroandretta.info\/index\/?p=7627"},"modified":"2020-10-13T14:53:32","modified_gmt":"2020-10-13T18:53:32","slug":"facebook-diz-que-vai-remover-conteudos-que-neguem-a-existencia-do-holocausto","status":"publish","type":"post","link":"https:\/\/www.pedroandretta.info\/index\/2020\/10\/facebook-diz-que-vai-remover-conteudos-que-neguem-a-existencia-do-holocausto\/","title":{"rendered":"Facebook diz que vai remover conte\u00fados que neguem a exist\u00eancia do Holocausto | \u201c&#8230;"},"content":{"rendered":"<p>[ad_1]<br \/>\n<img data-recalc-dims=\"1\" decoding=\"async\" src=\"https:\/\/i0.wp.com\/www.pedroandretta.info\/index\/wp-content\/uploads\/2020\/10\/Facebook-diz-que-vai-remover-conteudos-que-neguem-a-existencia.jpg?w=696&#038;ssl=1\"\/><\/p>\n<blockquote class=\"twitter-tweet\">\n<p lang=\"pt\" dir=\"ltr\">Facebook diz que vai remover conte\u00fados que neguem a exist\u00eancia do Holocausto | \u201c[&#8230;] o <a target=\"_blank\" href=\"https:\/\/twitter.com\/hashtag\/Facebook?src=hash&amp;ref_src=twsrc%5Etfw\" rel=\"noopener noreferrer\">#Facebook<\/a> tem se preocupado menos em parecer um \u201cregulador de discurso\u201d e tem tomado a\u00e7\u00f5es concretas para tentar remover o <a target=\"_blank\" href=\"https:\/\/twitter.com\/hashtag\/DiscursoDe%C3%93dio?src=hash&amp;ref_src=twsrc%5Etfw\" rel=\"noopener noreferrer\">#DiscursoDe\u00d3dio<\/a>\u201d via Gizmodo <a target=\"_blank\" href=\"https:\/\/t.co\/17uinu40TF\" rel=\"noopener noreferrer\">https:\/\/t.co\/17uinu40TF<\/a><\/p>\n<p>&mdash; Pedro Andretta (@pedroisandretta) <a target=\"_blank\" href=\"https:\/\/twitter.com\/pedroisandretta\/status\/1316089707101646848?ref_src=twsrc%5Etfw\" rel=\"noopener noreferrer\">October 13, 2020<\/a><\/p><\/blockquote>\n<p><script async src=\"https:\/\/platform.twitter.com\/widgets.js\" charset=\"utf-8\"><\/script><\/p>\n<p>[ad_2]<br \/>\n<br \/><a href=\"https:\/\/twitter.com\/pedroisandretta\/statuses\/1316089707101646848\">Fonte<\/a> : Projeto <a href=\"https:\/\/www.pedroandretta.info\/informeci\">Informe-CI<\/a><\/p>\n","protected":false},"excerpt":{"rendered":"<p>[ad_1] Facebook diz que vai remover conte\u00fados que neguem a exist\u00eancia do Holocausto | \u201c[&#8230;] o #Facebook tem se preocupado menos em parecer um \u201cregulador de discurso\u201d e tem tomado a\u00e7\u00f5es concretas para tentar remover o #DiscursoDe\u00d3dio\u201d via Gizmodo https:\/\/t.co\/17uinu40TF &mdash; Pedro Andretta (@pedroisandretta) October 13, 2020 [ad_2] Fonte : Projeto Informe-CI<\/p>\n","protected":false},"author":1,"featured_media":7628,"comment_status":"open","ping_status":"open","sticky":false,"template":"","format":"standard","meta":{"_jetpack_memberships_contains_paid_content":false,"footnotes":"","jetpack_publicize_message":"","jetpack_publicize_feature_enabled":true,"jetpack_social_post_already_shared":true,"jetpack_social_options":{"image_generator_settings":{"template":"highway","default_image_id":0,"font":"","enabled":false},"version":2}},"categories":[21],"tags":[1464,261],"class_list":["post-7627","post","type-post","status-publish","format-standard","has-post-thumbnail","hentry","category-informeci","tag-discursodeodio","tag-facebook"],"jetpack_publicize_connections":[],"jetpack_featured_media_url":"https:\/\/i0.wp.com\/www.pedroandretta.info\/index\/wp-content\/uploads\/2020\/10\/Facebook-diz-que-vai-remover-conteudos-que-neguem-a-existencia.jpg?fit=1500%2C844&ssl=1","views":"","jetpack_sharing_enabled":true,"_links":{"self":[{"href":"https:\/\/www.pedroandretta.info\/index\/wp-json\/wp\/v2\/posts\/7627","targetHints":{"allow":["GET"]}}],"collection":[{"href":"https:\/\/www.pedroandretta.info\/index\/wp-json\/wp\/v2\/posts"}],"about":[{"href":"https:\/\/www.pedroandretta.info\/index\/wp-json\/wp\/v2\/types\/post"}],"author":[{"embeddable":true,"href":"https:\/\/www.pedroandretta.info\/index\/wp-json\/wp\/v2\/users\/1"}],"replies":[{"embeddable":true,"href":"https:\/\/www.pedroandretta.info\/index\/wp-json\/wp\/v2\/comments?post=7627"}],"version-history":[{"count":0,"href":"https:\/\/www.pedroandretta.info\/index\/wp-json\/wp\/v2\/posts\/7627\/revisions"}],"wp:featuredmedia":[{"embeddable":true,"href":"https:\/\/www.pedroandretta.info\/index\/wp-json\/wp\/v2\/media\/7628"}],"wp:attachment":[{"href":"https:\/\/www.pedroandretta.info\/index\/wp-json\/wp\/v2\/media?parent=7627"}],"wp:term":[{"taxonomy":"category","embeddable":true,"href":"https:\/\/www.pedroandretta.info\/index\/wp-json\/wp\/v2\/categories?post=7627"},{"taxonomy":"post_tag","embeddable":true,"href":"https:\/\/www.pedroandretta.info\/index\/wp-json\/wp\/v2\/tags?post=7627"}],"curies":[{"name":"wp","href":"https:\/\/api.w.org\/{rel}","templated":true}]}}