{"id":7630,"date":"2020-10-13T14:57:21","date_gmt":"2020-10-13T18:57:21","guid":{"rendered":"https:\/\/www.pedroandretta.info\/index\/?p=7630"},"modified":"2020-10-13T14:57:21","modified_gmt":"2020-10-13T18:57:21","slug":"presidente-da-fundacaopalmares-diz-que-tirou-nome-de-marina-silva-de-lista-de-p","status":"publish","type":"post","link":"https:\/\/www.pedroandretta.info\/index\/2020\/10\/presidente-da-fundacaopalmares-diz-que-tirou-nome-de-marina-silva-de-lista-de-p\/","title":{"rendered":"Presidente da #Funda\u00e7\u00e3oPalmares diz que tirou nome de Marina Silva de lista de p&#8230;"},"content":{"rendered":"<p>[ad_1]<br \/>\n<img data-recalc-dims=\"1\" decoding=\"async\" src=\"https:\/\/i0.wp.com\/www.pedroandretta.info\/index\/wp-content\/uploads\/2020\/10\/Presidente-da-FundacaoPalmares-diz-que-tirou-nome-de-Marina-Silva.jpg?w=696&#038;ssl=1\"\/><\/p>\n<blockquote class=\"twitter-tweet\">\n<p lang=\"pt\" dir=\"ltr\">Presidente da <a target=\"_blank\" href=\"https:\/\/twitter.com\/hashtag\/Funda%C3%A7%C3%A3oPalmares?src=hash&amp;ref_src=twsrc%5Etfw\" rel=\"noopener noreferrer\">#Funda\u00e7\u00e3oPalmares<\/a> diz que tirou nome de Marina Silva de lista de personalidades negras | \u201cS\u00e9rgio Camargo anunciou decis\u00e3o em publica\u00e7\u00e3o no Twitter nesta ter\u00e7a (13)\u201d \ud83d\ude44<a target=\"_blank\" href=\"https:\/\/twitter.com\/hashtag\/MulheresNegras?src=hash&amp;ref_src=twsrc%5Etfw\" rel=\"noopener noreferrer\">#MulheresNegras<\/a> via Folha <a target=\"_blank\" href=\"https:\/\/t.co\/5YKVrI5L1I\" rel=\"noopener noreferrer\">https:\/\/t.co\/5YKVrI5L1I<\/a><\/p>\n<p>&mdash; Pedro Andretta (@pedroisandretta) <a target=\"_blank\" href=\"https:\/\/twitter.com\/pedroisandretta\/status\/1316090668834598916?ref_src=twsrc%5Etfw\" rel=\"noopener noreferrer\">October 13, 2020<\/a><\/p><\/blockquote>\n<p><script async src=\"https:\/\/platform.twitter.com\/widgets.js\" charset=\"utf-8\"><\/script><\/p>\n<p>[ad_2]<br \/>\n<br \/><a href=\"https:\/\/twitter.com\/pedroisandretta\/statuses\/1316090668834598916\">Fonte<\/a> : Projeto <a href=\"https:\/\/www.pedroandretta.info\/informeci\">Informe-CI<\/a><\/p>\n","protected":false},"excerpt":{"rendered":"<p>[ad_1] Presidente da #Funda\u00e7\u00e3oPalmares diz que tirou nome de Marina Silva de lista de personalidades negras | \u201cS\u00e9rgio Camargo anunciou decis\u00e3o em publica\u00e7\u00e3o no Twitter nesta ter\u00e7a (13)\u201d \ud83d\ude44#MulheresNegras via Folha https:\/\/t.co\/5YKVrI5L1I &mdash; Pedro Andretta (@pedroisandretta) October 13, 2020 [ad_2] Fonte : Projeto Informe-CI<\/p>\n","protected":false},"author":1,"featured_media":7631,"comment_status":"open","ping_status":"open","sticky":false,"template":"","format":"standard","meta":{"_jetpack_memberships_contains_paid_content":false,"footnotes":"","jetpack_publicize_message":"","jetpack_publicize_feature_enabled":true,"jetpack_social_post_already_shared":true,"jetpack_social_options":{"image_generator_settings":{"template":"highway","default_image_id":0,"font":"","enabled":false},"version":2}},"categories":[21],"tags":[1465,263],"class_list":["post-7630","post","type-post","status-publish","format-standard","has-post-thumbnail","hentry","category-informeci","tag-fundacaopalmares","tag-mulheresnegras"],"jetpack_publicize_connections":[],"jetpack_featured_media_url":"https:\/\/i0.wp.com\/www.pedroandretta.info\/index\/wp-content\/uploads\/2020\/10\/Presidente-da-FundacaoPalmares-diz-que-tirou-nome-de-Marina-Silva.jpg?fit=2400%2C1600&ssl=1","views":"","jetpack_sharing_enabled":true,"_links":{"self":[{"href":"https:\/\/www.pedroandretta.info\/index\/wp-json\/wp\/v2\/posts\/7630","targetHints":{"allow":["GET"]}}],"collection":[{"href":"https:\/\/www.pedroandretta.info\/index\/wp-json\/wp\/v2\/posts"}],"about":[{"href":"https:\/\/www.pedroandretta.info\/index\/wp-json\/wp\/v2\/types\/post"}],"author":[{"embeddable":true,"href":"https:\/\/www.pedroandretta.info\/index\/wp-json\/wp\/v2\/users\/1"}],"replies":[{"embeddable":true,"href":"https:\/\/www.pedroandretta.info\/index\/wp-json\/wp\/v2\/comments?post=7630"}],"version-history":[{"count":0,"href":"https:\/\/www.pedroandretta.info\/index\/wp-json\/wp\/v2\/posts\/7630\/revisions"}],"wp:featuredmedia":[{"embeddable":true,"href":"https:\/\/www.pedroandretta.info\/index\/wp-json\/wp\/v2\/media\/7631"}],"wp:attachment":[{"href":"https:\/\/www.pedroandretta.info\/index\/wp-json\/wp\/v2\/media?parent=7630"}],"wp:term":[{"taxonomy":"category","embeddable":true,"href":"https:\/\/www.pedroandretta.info\/index\/wp-json\/wp\/v2\/categories?post=7630"},{"taxonomy":"post_tag","embeddable":true,"href":"https:\/\/www.pedroandretta.info\/index\/wp-json\/wp\/v2\/tags?post=7630"}],"curies":[{"name":"wp","href":"https:\/\/api.w.org\/{rel}","templated":true}]}}