{"id":7701,"date":"2020-10-19T00:20:34","date_gmt":"2020-10-19T04:20:34","guid":{"rendered":"https:\/\/www.pedroandretta.info\/index\/?p=7701"},"modified":"2020-10-19T00:20:34","modified_gmt":"2020-10-19T04:20:34","slug":"pontos-fortes-e-fracos-das-principais-basesdedados-de-informacao-cientifica-em","status":"publish","type":"post","link":"https:\/\/www.pedroandretta.info\/index\/2020\/10\/pontos-fortes-e-fracos-das-principais-basesdedados-de-informacao-cientifica-em\/","title":{"rendered":"Pontos fortes e fracos das principais #BasesDeDados de informa\u00e7\u00e3o cient\u00edfica em &#8230;"},"content":{"rendered":"<p>[ad_1]<\/p>\n<blockquote class=\"twitter-tweet\">\n<p lang=\"pt\" dir=\"ltr\">Pontos fortes e fracos das principais <a target=\"_blank\" href=\"https:\/\/twitter.com\/hashtag\/BasesDeDados?src=hash&amp;ref_src=twsrc%5Etfw\" rel=\"noopener noreferrer\">#BasesDeDados<\/a> de informa\u00e7\u00e3o cient\u00edfica em uma perspectiva bibliom\u00e9trica | Artigo bem interessante para a disciplina de <a target=\"_blank\" href=\"https:\/\/twitter.com\/hashtag\/FontesDeInforma%C3%A7%C3%A3o?src=hash&amp;ref_src=twsrc%5Etfw\" rel=\"noopener noreferrer\">#FontesDeInforma\u00e7\u00e3o<\/a> principalmente pelas tabelas ap\u00eandices de dimens\u00f5es formais e funcionais!  <a target=\"_blank\" href=\"https:\/\/t.co\/Ha5d4cMaQr\" rel=\"noopener noreferrer\">https:\/\/t.co\/Ha5d4cMaQr<\/a> <a target=\"_blank\" href=\"https:\/\/t.co\/SnjtHY9qLN\" rel=\"noopener noreferrer\">pic.twitter.com\/SnjtHY9qLN<\/a><\/p>\n<p>&mdash; Pedro Andretta (@pedroisandretta) <a target=\"_blank\" href=\"https:\/\/twitter.com\/pedroisandretta\/status\/1318044346265063424?ref_src=twsrc%5Etfw\" rel=\"noopener noreferrer\">October 19, 2020<\/a><\/p><\/blockquote>\n<p><script async src=\"https:\/\/platform.twitter.com\/widgets.js\" charset=\"utf-8\"><\/script><\/p>\n<p>[ad_2]<br \/>\n<br \/><a href=\"https:\/\/twitter.com\/pedroisandretta\/statuses\/1318044346265063424\">Fonte<\/a> : Projeto <a href=\"https:\/\/www.pedroandretta.info\/informeci\">Informe-CI<\/a><\/p>\n","protected":false},"excerpt":{"rendered":"<p>[ad_1] Pontos fortes e fracos das principais #BasesDeDados de informa\u00e7\u00e3o cient\u00edfica em uma perspectiva bibliom\u00e9trica | Artigo bem interessante para a disciplina de #FontesDeInforma\u00e7\u00e3o principalmente pelas tabelas ap\u00eandices de dimens\u00f5es formais e funcionais! https:\/\/t.co\/Ha5d4cMaQr pic.twitter.com\/SnjtHY9qLN &mdash; Pedro Andretta (@pedroisandretta) October 19, 2020 [ad_2] Fonte : Projeto Informe-CI<\/p>\n","protected":false},"author":1,"featured_media":7702,"comment_status":"open","ping_status":"open","sticky":false,"template":"","format":"standard","meta":{"_jetpack_memberships_contains_paid_content":false,"footnotes":"","jetpack_publicize_message":"","jetpack_publicize_feature_enabled":true,"jetpack_social_post_already_shared":true,"jetpack_social_options":{"image_generator_settings":{"template":"highway","default_image_id":0,"font":"","enabled":false},"version":2}},"categories":[21],"tags":[510,133],"class_list":["post-7701","post","type-post","status-publish","format-standard","has-post-thumbnail","hentry","category-informeci","tag-basesdedados","tag-fontesdeinformacao"],"jetpack_publicize_connections":[],"jetpack_featured_media_url":"https:\/\/i0.wp.com\/www.pedroandretta.info\/index\/wp-content\/uploads\/2020\/10\/Pontos-fortes-e-fracos-das-principais-BasesDeDados-de-informacao-cientifica.jpg?fit=609%2C900&ssl=1","views":"","jetpack_sharing_enabled":true,"_links":{"self":[{"href":"https:\/\/www.pedroandretta.info\/index\/wp-json\/wp\/v2\/posts\/7701","targetHints":{"allow":["GET"]}}],"collection":[{"href":"https:\/\/www.pedroandretta.info\/index\/wp-json\/wp\/v2\/posts"}],"about":[{"href":"https:\/\/www.pedroandretta.info\/index\/wp-json\/wp\/v2\/types\/post"}],"author":[{"embeddable":true,"href":"https:\/\/www.pedroandretta.info\/index\/wp-json\/wp\/v2\/users\/1"}],"replies":[{"embeddable":true,"href":"https:\/\/www.pedroandretta.info\/index\/wp-json\/wp\/v2\/comments?post=7701"}],"version-history":[{"count":0,"href":"https:\/\/www.pedroandretta.info\/index\/wp-json\/wp\/v2\/posts\/7701\/revisions"}],"wp:featuredmedia":[{"embeddable":true,"href":"https:\/\/www.pedroandretta.info\/index\/wp-json\/wp\/v2\/media\/7702"}],"wp:attachment":[{"href":"https:\/\/www.pedroandretta.info\/index\/wp-json\/wp\/v2\/media?parent=7701"}],"wp:term":[{"taxonomy":"category","embeddable":true,"href":"https:\/\/www.pedroandretta.info\/index\/wp-json\/wp\/v2\/categories?post=7701"},{"taxonomy":"post_tag","embeddable":true,"href":"https:\/\/www.pedroandretta.info\/index\/wp-json\/wp\/v2\/tags?post=7701"}],"curies":[{"name":"wp","href":"https:\/\/api.w.org\/{rel}","templated":true}]}}