{"id":7712,"date":"2020-10-19T17:51:38","date_gmt":"2020-10-19T21:51:38","guid":{"rendered":"https:\/\/www.pedroandretta.info\/index\/?p=7712"},"modified":"2020-10-19T17:51:38","modified_gmt":"2020-10-19T21:51:38","slug":"a-sangrenta-historia-das-traducoes-da-biblia-o-seculo-xvi-foi-de-longe-o-p","status":"publish","type":"post","link":"https:\/\/www.pedroandretta.info\/index\/2020\/10\/a-sangrenta-historia-das-traducoes-da-biblia-o-seculo-xvi-foi-de-longe-o-p\/","title":{"rendered":"A sangrenta hist\u00f3ria das tradu\u00e7\u00f5es da #B\u00edblia | \u201cO s\u00e9culo XVI foi, de longe, o p&#8230;"},"content":{"rendered":"<p>[ad_1]<\/p>\n<blockquote class=\"twitter-tweet\">\n<p lang=\"pt\" dir=\"ltr\">A sangrenta hist\u00f3ria das tradu\u00e7\u00f5es da <a target=\"_blank\" href=\"https:\/\/twitter.com\/hashtag\/B%C3%ADblia?src=hash&amp;ref_src=twsrc%5Etfw\" rel=\"noopener noreferrer\">#B\u00edblia<\/a> | \u201cO s\u00e9culo XVI foi, de longe, o per\u00edodo mais sangrento para os tradutores da B\u00edblia. [&#8230;] Traduzir a B\u00edblia pode parecer uma atividade inofensiva, mas a hist\u00f3ria mostra que n\u00e3o.\u201d <a target=\"_blank\" href=\"https:\/\/twitter.com\/hashtag\/Tradu%C3%A7%C3%A3o?src=hash&amp;ref_src=twsrc%5Etfw\" rel=\"noopener noreferrer\">#Tradu\u00e7\u00e3o<\/a> via BBC <a target=\"_blank\" href=\"https:\/\/t.co\/qwT1fFzTob\" rel=\"noopener noreferrer\">https:\/\/t.co\/qwT1fFzTob<\/a><\/p>\n<p>&mdash; Pedro Andretta (@pedroisandretta) <a target=\"_blank\" href=\"https:\/\/twitter.com\/pedroisandretta\/status\/1318308855818997762?ref_src=twsrc%5Etfw\" rel=\"noopener noreferrer\">October 19, 2020<\/a><\/p><\/blockquote>\n<p><script async src=\"https:\/\/platform.twitter.com\/widgets.js\" charset=\"utf-8\"><\/script><\/p>\n<p>[ad_2]<br \/>\n<br \/><a href=\"https:\/\/twitter.com\/pedroisandretta\/statuses\/1318308855818997762\">Fonte<\/a> : Projeto <a href=\"https:\/\/www.pedroandretta.info\/informeci\">Informe-CI<\/a><\/p>\n","protected":false},"excerpt":{"rendered":"<p>[ad_1] A sangrenta hist\u00f3ria das tradu\u00e7\u00f5es da #B\u00edblia | \u201cO s\u00e9culo XVI foi, de longe, o per\u00edodo mais sangrento para os tradutores da B\u00edblia. [&#8230;] Traduzir a B\u00edblia pode parecer uma atividade inofensiva, mas a hist\u00f3ria mostra que n\u00e3o.\u201d #Tradu\u00e7\u00e3o via BBC https:\/\/t.co\/qwT1fFzTob &mdash; Pedro Andretta (@pedroisandretta) October 19, 2020 [ad_2] Fonte : Projeto Informe-CI<\/p>\n","protected":false},"author":1,"featured_media":0,"comment_status":"open","ping_status":"open","sticky":false,"template":"","format":"standard","meta":{"_jetpack_memberships_contains_paid_content":false,"footnotes":"","jetpack_publicize_message":"","jetpack_publicize_feature_enabled":true,"jetpack_social_post_already_shared":true,"jetpack_social_options":{"image_generator_settings":{"template":"highway","default_image_id":0,"font":"","enabled":false},"version":2}},"categories":[21],"tags":[1497,211],"class_list":["post-7712","post","type-post","status-publish","format-standard","hentry","category-informeci","tag-biblia","tag-traducao"],"jetpack_publicize_connections":[],"jetpack_featured_media_url":"","views":"","jetpack_sharing_enabled":true,"_links":{"self":[{"href":"https:\/\/www.pedroandretta.info\/index\/wp-json\/wp\/v2\/posts\/7712","targetHints":{"allow":["GET"]}}],"collection":[{"href":"https:\/\/www.pedroandretta.info\/index\/wp-json\/wp\/v2\/posts"}],"about":[{"href":"https:\/\/www.pedroandretta.info\/index\/wp-json\/wp\/v2\/types\/post"}],"author":[{"embeddable":true,"href":"https:\/\/www.pedroandretta.info\/index\/wp-json\/wp\/v2\/users\/1"}],"replies":[{"embeddable":true,"href":"https:\/\/www.pedroandretta.info\/index\/wp-json\/wp\/v2\/comments?post=7712"}],"version-history":[{"count":0,"href":"https:\/\/www.pedroandretta.info\/index\/wp-json\/wp\/v2\/posts\/7712\/revisions"}],"wp:attachment":[{"href":"https:\/\/www.pedroandretta.info\/index\/wp-json\/wp\/v2\/media?parent=7712"}],"wp:term":[{"taxonomy":"category","embeddable":true,"href":"https:\/\/www.pedroandretta.info\/index\/wp-json\/wp\/v2\/categories?post=7712"},{"taxonomy":"post_tag","embeddable":true,"href":"https:\/\/www.pedroandretta.info\/index\/wp-json\/wp\/v2\/tags?post=7712"}],"curies":[{"name":"wp","href":"https:\/\/api.w.org\/{rel}","templated":true}]}}