{"id":7783,"date":"2020-10-25T18:49:15","date_gmt":"2020-10-25T22:49:15","guid":{"rendered":"https:\/\/www.pedroandretta.info\/index\/?p=7783"},"modified":"2020-10-25T18:49:15","modified_gmt":"2020-10-25T22:49:15","slug":"ruth-guimaraes-a-primeira-escritora-negra-a-se-projetar-nacionalmente-pupila","status":"publish","type":"post","link":"https:\/\/www.pedroandretta.info\/index\/2020\/10\/ruth-guimaraes-a-primeira-escritora-negra-a-se-projetar-nacionalmente-pupila\/","title":{"rendered":"Ruth Guimar\u00e3es, a primeira escritora negra a se projetar nacionalmente | \u201cPupila&#8230;"},"content":{"rendered":"<p>[ad_1]<\/p>\n<blockquote class=\"twitter-tweet\">\n<p lang=\"pt\" dir=\"ltr\">Ruth Guimar\u00e3es, a primeira escritora negra a se projetar nacionalmente | \u201cPupila de M\u00e1rio de Andrade, autora que completaria 100 anos em 2020 publicou mais de 50 obras entre romance, contos, cr\u00f4nicas, poemas e tradu\u00e7\u00f5es\u201d  <a target=\"_blank\" href=\"https:\/\/twitter.com\/hashtag\/MulheresNegras?src=hash&amp;ref_src=twsrc%5Etfw\" rel=\"noopener noreferrer\">#MulheresNegras<\/a> via Galileu <a target=\"_blank\" href=\"https:\/\/t.co\/AQ3TGJyCwu\" rel=\"noopener noreferrer\">https:\/\/t.co\/AQ3TGJyCwu<\/a><\/p>\n<p>&mdash; Pedro Andretta (@pedroisandretta) <a target=\"_blank\" href=\"https:\/\/twitter.com\/pedroisandretta\/status\/1320497681698050048?ref_src=twsrc%5Etfw\" rel=\"noopener noreferrer\">October 25, 2020<\/a><\/p><\/blockquote>\n<p><script async src=\"https:\/\/platform.twitter.com\/widgets.js\" charset=\"utf-8\"><\/script><\/p>\n<p>[ad_2]<br \/>\n<br \/><a href=\"https:\/\/twitter.com\/pedroisandretta\/statuses\/1320497681698050048\">Fonte<\/a> : Projeto <a href=\"https:\/\/www.pedroandretta.info\/informeci\">Informe-CI<\/a><\/p>\n","protected":false},"excerpt":{"rendered":"<p>[ad_1] Ruth Guimar\u00e3es, a primeira escritora negra a se projetar nacionalmente | \u201cPupila de M\u00e1rio de Andrade, autora que completaria 100 anos em 2020 publicou mais de 50 obras entre romance, contos, cr\u00f4nicas, poemas e tradu\u00e7\u00f5es\u201d #MulheresNegras via Galileu https:\/\/t.co\/AQ3TGJyCwu &mdash; Pedro Andretta (@pedroisandretta) October 25, 2020 [ad_2] Fonte : Projeto Informe-CI<\/p>\n","protected":false},"author":1,"featured_media":0,"comment_status":"open","ping_status":"open","sticky":false,"template":"","format":"standard","meta":{"_jetpack_memberships_contains_paid_content":false,"footnotes":"","jetpack_publicize_message":"","jetpack_publicize_feature_enabled":true,"jetpack_social_post_already_shared":true,"jetpack_social_options":{"image_generator_settings":{"template":"highway","default_image_id":0,"font":"","enabled":false},"version":2}},"categories":[21],"tags":[263],"class_list":["post-7783","post","type-post","status-publish","format-standard","hentry","category-informeci","tag-mulheresnegras"],"jetpack_publicize_connections":[],"jetpack_featured_media_url":"","views":"","jetpack_sharing_enabled":true,"_links":{"self":[{"href":"https:\/\/www.pedroandretta.info\/index\/wp-json\/wp\/v2\/posts\/7783","targetHints":{"allow":["GET"]}}],"collection":[{"href":"https:\/\/www.pedroandretta.info\/index\/wp-json\/wp\/v2\/posts"}],"about":[{"href":"https:\/\/www.pedroandretta.info\/index\/wp-json\/wp\/v2\/types\/post"}],"author":[{"embeddable":true,"href":"https:\/\/www.pedroandretta.info\/index\/wp-json\/wp\/v2\/users\/1"}],"replies":[{"embeddable":true,"href":"https:\/\/www.pedroandretta.info\/index\/wp-json\/wp\/v2\/comments?post=7783"}],"version-history":[{"count":0,"href":"https:\/\/www.pedroandretta.info\/index\/wp-json\/wp\/v2\/posts\/7783\/revisions"}],"wp:attachment":[{"href":"https:\/\/www.pedroandretta.info\/index\/wp-json\/wp\/v2\/media?parent=7783"}],"wp:term":[{"taxonomy":"category","embeddable":true,"href":"https:\/\/www.pedroandretta.info\/index\/wp-json\/wp\/v2\/categories?post=7783"},{"taxonomy":"post_tag","embeddable":true,"href":"https:\/\/www.pedroandretta.info\/index\/wp-json\/wp\/v2\/tags?post=7783"}],"curies":[{"name":"wp","href":"https:\/\/api.w.org\/{rel}","templated":true}]}}