{"id":7802,"date":"2020-10-27T01:40:20","date_gmt":"2020-10-27T05:40:20","guid":{"rendered":"https:\/\/www.pedroandretta.info\/index\/?p=7802"},"modified":"2020-10-27T01:40:20","modified_gmt":"2020-10-27T05:40:20","slug":"pela-universalizacao-das-bibliotecas-escolares-na-cidade-do-rio-das-1-500-uni","status":"publish","type":"post","link":"https:\/\/www.pedroandretta.info\/index\/2020\/10\/pela-universalizacao-das-bibliotecas-escolares-na-cidade-do-rio-das-1-500-uni\/","title":{"rendered":"Pela universaliza\u00e7\u00e3o das bibliotecas escolares na cidade do Rio | \u201cDas 1.500 uni&#8230;"},"content":{"rendered":"<p>[ad_1]<\/p>\n<blockquote class=\"twitter-tweet\">\n<p lang=\"pt\" dir=\"ltr\">Pela universaliza\u00e7\u00e3o das bibliotecas escolares na cidade do Rio | \u201cDas 1.500 unidades de ensino b\u00e1sico ligadas \u00e0 Prefeitura do Rio, penas tr\u00eas possuem bibliotecas com bibliotec\u00e1rios\u201d <a target=\"_blank\" href=\"https:\/\/twitter.com\/hashtag\/RioDeJaneiro?src=hash&amp;ref_src=twsrc%5Etfw\" rel=\"noopener noreferrer\">#RioDeJaneiro<\/a> <a target=\"_blank\" href=\"https:\/\/twitter.com\/hashtag\/Lei12244?src=hash&amp;ref_src=twsrc%5Etfw\" rel=\"noopener noreferrer\">#Lei12244<\/a>\/2010 <a target=\"_blank\" href=\"https:\/\/twitter.com\/hashtag\/Censura?src=hash&amp;ref_src=twsrc%5Etfw\" rel=\"noopener noreferrer\">#Censura<\/a>  via Biblioo <a target=\"_blank\" href=\"https:\/\/t.co\/ZfYjp3afeK\" rel=\"noopener noreferrer\">https:\/\/t.co\/ZfYjp3afeK<\/a><\/p>\n<p>&mdash; Pedro Andretta (@pedroisandretta) <a target=\"_blank\" href=\"https:\/\/twitter.com\/pedroisandretta\/status\/1320963520410886145?ref_src=twsrc%5Etfw\" rel=\"noopener noreferrer\">October 27, 2020<\/a><\/p><\/blockquote>\n<p><script async src=\"https:\/\/platform.twitter.com\/widgets.js\" charset=\"utf-8\"><\/script><\/p>\n<p>[ad_2]<br \/>\n<br \/><a href=\"https:\/\/twitter.com\/pedroisandretta\/statuses\/1320963520410886145\">Fonte<\/a> : Projeto <a href=\"https:\/\/www.pedroandretta.info\/informeci\">Informe-CI<\/a><\/p>\n","protected":false},"excerpt":{"rendered":"<p>[ad_1] Pela universaliza\u00e7\u00e3o das bibliotecas escolares na cidade do Rio | \u201cDas 1.500 unidades de ensino b\u00e1sico ligadas \u00e0 Prefeitura do Rio, penas tr\u00eas possuem bibliotecas com bibliotec\u00e1rios\u201d #RioDeJaneiro #Lei12244\/2010 #Censura via Biblioo https:\/\/t.co\/ZfYjp3afeK &mdash; Pedro Andretta (@pedroisandretta) October 27, 2020 [ad_2] Fonte : Projeto Informe-CI<\/p>\n","protected":false},"author":1,"featured_media":0,"comment_status":"open","ping_status":"open","sticky":false,"template":"","format":"standard","meta":{"_jetpack_memberships_contains_paid_content":false,"footnotes":"","jetpack_publicize_message":"","jetpack_publicize_feature_enabled":true,"jetpack_social_post_already_shared":true,"jetpack_social_options":{"image_generator_settings":{"template":"highway","default_image_id":0,"font":"","enabled":false},"version":2}},"categories":[21],"tags":[168,884,1534],"class_list":["post-7802","post","type-post","status-publish","format-standard","hentry","category-informeci","tag-censura","tag-lei12244","tag-riodejaneiro"],"jetpack_publicize_connections":[],"jetpack_featured_media_url":"","views":"","jetpack_sharing_enabled":true,"_links":{"self":[{"href":"https:\/\/www.pedroandretta.info\/index\/wp-json\/wp\/v2\/posts\/7802","targetHints":{"allow":["GET"]}}],"collection":[{"href":"https:\/\/www.pedroandretta.info\/index\/wp-json\/wp\/v2\/posts"}],"about":[{"href":"https:\/\/www.pedroandretta.info\/index\/wp-json\/wp\/v2\/types\/post"}],"author":[{"embeddable":true,"href":"https:\/\/www.pedroandretta.info\/index\/wp-json\/wp\/v2\/users\/1"}],"replies":[{"embeddable":true,"href":"https:\/\/www.pedroandretta.info\/index\/wp-json\/wp\/v2\/comments?post=7802"}],"version-history":[{"count":0,"href":"https:\/\/www.pedroandretta.info\/index\/wp-json\/wp\/v2\/posts\/7802\/revisions"}],"wp:attachment":[{"href":"https:\/\/www.pedroandretta.info\/index\/wp-json\/wp\/v2\/media?parent=7802"}],"wp:term":[{"taxonomy":"category","embeddable":true,"href":"https:\/\/www.pedroandretta.info\/index\/wp-json\/wp\/v2\/categories?post=7802"},{"taxonomy":"post_tag","embeddable":true,"href":"https:\/\/www.pedroandretta.info\/index\/wp-json\/wp\/v2\/tags?post=7802"}],"curies":[{"name":"wp","href":"https:\/\/api.w.org\/{rel}","templated":true}]}}