{"id":7808,"date":"2020-10-27T18:50:59","date_gmt":"2020-10-27T22:50:59","guid":{"rendered":"https:\/\/www.pedroandretta.info\/index\/?p=7808"},"modified":"2020-10-27T18:50:59","modified_gmt":"2020-10-27T22:50:59","slug":"liga-brasileira-das-editoras-libre-questiona-reducao-drastica-e-injustificave","status":"publish","type":"post","link":"https:\/\/www.pedroandretta.info\/index\/2020\/10\/liga-brasileira-das-editoras-libre-questiona-reducao-drastica-e-injustificave\/","title":{"rendered":"Liga Brasileira das Editoras &#8211; Libre questiona \u2018redu\u00e7\u00e3o dr\u00e1stica e injustific\u00e1ve&#8230;"},"content":{"rendered":"<p>[ad_1]<br \/>\n<img data-recalc-dims=\"1\" decoding=\"async\" src=\"https:\/\/i0.wp.com\/www.pedroandretta.info\/index\/wp-content\/uploads\/2019\/12\/logo_290x290_publishnews_colorido.png?w=696&#038;ssl=1\"\/><\/p>\n<blockquote class=\"twitter-tweet\">\n<p lang=\"pt\" dir=\"ltr\">Liga Brasileira das Editoras &#8211; Libre questiona \u2018redu\u00e7\u00e3o dr\u00e1stica e injustific\u00e1vel\u2019 no programa \u201dMinha Biblioteca\u201d, de SP | Programa em 2019 selecionou mais de 1,3 mil t\u00edtulos, escolheu apenas 11 em 2020 <a target=\"_blank\" href=\"https:\/\/twitter.com\/hashtag\/Bibliodiversidade?src=hash&amp;ref_src=twsrc%5Etfw\" rel=\"noopener noreferrer\">#Bibliodiversidade<\/a> <a target=\"_blank\" href=\"https:\/\/twitter.com\/hashtag\/Pol%C3%ADticasP%C3%BAblicas?src=hash&amp;ref_src=twsrc%5Etfw\" rel=\"noopener noreferrer\">#Pol\u00edticasP\u00fablicas<\/a> via PublishNews <a target=\"_blank\" href=\"https:\/\/t.co\/h2n7WcgJCM\" rel=\"noopener noreferrer\">https:\/\/t.co\/h2n7WcgJCM<\/a><\/p>\n<p>&mdash; Pedro Andretta (@pedroisandretta) <a target=\"_blank\" href=\"https:\/\/twitter.com\/pedroisandretta\/status\/1321222892990988292?ref_src=twsrc%5Etfw\" rel=\"noopener noreferrer\">October 27, 2020<\/a><\/p><\/blockquote>\n<p><script async src=\"https:\/\/platform.twitter.com\/widgets.js\" charset=\"utf-8\"><\/script><\/p>\n<p>[ad_2]<br \/>\n<br \/><a href=\"https:\/\/twitter.com\/pedroisandretta\/statuses\/1321222892990988292\">Fonte<\/a> : Projeto <a href=\"https:\/\/www.pedroandretta.info\/informeci\">Informe-CI<\/a><\/p>\n","protected":false},"excerpt":{"rendered":"<p>[ad_1] Liga Brasileira das Editoras &#8211; Libre questiona \u2018redu\u00e7\u00e3o dr\u00e1stica e injustific\u00e1vel\u2019 no programa \u201dMinha Biblioteca\u201d, de SP | Programa em 2019 selecionou mais de 1,3 mil t\u00edtulos, escolheu apenas 11 em 2020 #Bibliodiversidade #Pol\u00edticasP\u00fablicas via PublishNews https:\/\/t.co\/h2n7WcgJCM &mdash; Pedro Andretta (@pedroisandretta) October 27, 2020 [ad_2] Fonte : Projeto Informe-CI<\/p>\n","protected":false},"author":1,"featured_media":2566,"comment_status":"open","ping_status":"open","sticky":false,"template":"","format":"standard","meta":{"_jetpack_memberships_contains_paid_content":false,"footnotes":"","jetpack_publicize_message":"","jetpack_publicize_feature_enabled":true,"jetpack_social_post_already_shared":true,"jetpack_social_options":{"image_generator_settings":{"template":"highway","default_image_id":0,"font":"","enabled":false},"version":2}},"categories":[21],"tags":[350,449],"class_list":["post-7808","post","type-post","status-publish","format-standard","has-post-thumbnail","hentry","category-informeci","tag-bibliodiversidade","tag-politicaspublicas"],"jetpack_publicize_connections":[],"jetpack_featured_media_url":"https:\/\/i0.wp.com\/www.pedroandretta.info\/index\/wp-content\/uploads\/2019\/12\/logo_290x290_publishnews_colorido.png?fit=290%2C290&ssl=1","views":"","jetpack_sharing_enabled":true,"_links":{"self":[{"href":"https:\/\/www.pedroandretta.info\/index\/wp-json\/wp\/v2\/posts\/7808","targetHints":{"allow":["GET"]}}],"collection":[{"href":"https:\/\/www.pedroandretta.info\/index\/wp-json\/wp\/v2\/posts"}],"about":[{"href":"https:\/\/www.pedroandretta.info\/index\/wp-json\/wp\/v2\/types\/post"}],"author":[{"embeddable":true,"href":"https:\/\/www.pedroandretta.info\/index\/wp-json\/wp\/v2\/users\/1"}],"replies":[{"embeddable":true,"href":"https:\/\/www.pedroandretta.info\/index\/wp-json\/wp\/v2\/comments?post=7808"}],"version-history":[{"count":0,"href":"https:\/\/www.pedroandretta.info\/index\/wp-json\/wp\/v2\/posts\/7808\/revisions"}],"wp:featuredmedia":[{"embeddable":true,"href":"https:\/\/www.pedroandretta.info\/index\/wp-json\/wp\/v2\/media\/2566"}],"wp:attachment":[{"href":"https:\/\/www.pedroandretta.info\/index\/wp-json\/wp\/v2\/media?parent=7808"}],"wp:term":[{"taxonomy":"category","embeddable":true,"href":"https:\/\/www.pedroandretta.info\/index\/wp-json\/wp\/v2\/categories?post=7808"},{"taxonomy":"post_tag","embeddable":true,"href":"https:\/\/www.pedroandretta.info\/index\/wp-json\/wp\/v2\/tags?post=7808"}],"curies":[{"name":"wp","href":"https:\/\/api.w.org\/{rel}","templated":true}]}}