{"id":7818,"date":"2020-10-27T18:44:30","date_gmt":"2020-10-27T22:44:30","guid":{"rendered":"https:\/\/www.pedroandretta.info\/index\/?p=7818"},"modified":"2020-10-27T18:44:30","modified_gmt":"2020-10-27T22:44:30","slug":"politicas-publicas-livros-e-bibliotecas-no-brasil-1930-2020-nem-conheco-pes","status":"publish","type":"post","link":"https:\/\/www.pedroandretta.info\/index\/2020\/10\/politicas-publicas-livros-e-bibliotecas-no-brasil-1930-2020-nem-conheco-pes\/","title":{"rendered":"Pol\u00edticas p\u00fablicas: #Livros e #Bibliotecas no Brasil 1930-2020 | Nem conhe\u00e7o pes&#8230;"},"content":{"rendered":"<p>[ad_1]<\/p>\n<blockquote class=\"twitter-tweet\">\n<p lang=\"pt\" dir=\"ltr\">Pol\u00edticas p\u00fablicas: <a target=\"_blank\" href=\"https:\/\/twitter.com\/hashtag\/Livros?src=hash&amp;ref_src=twsrc%5Etfw\" rel=\"noopener noreferrer\">#Livros<\/a> e <a target=\"_blank\" href=\"https:\/\/twitter.com\/hashtag\/Bibliotecas?src=hash&amp;ref_src=twsrc%5Etfw\" rel=\"noopener noreferrer\">#Bibliotecas<\/a> no Brasil 1930-2020 | Nem conhe\u00e7o pessoalmente mas sou f\u00e3 dos trabalhos da Prof Gabrielle Francinne Tanus! E fiquei ainda mais f\u00e3 depois de ver esses materiais de aula!  <a target=\"_blank\" href=\"https:\/\/twitter.com\/hashtag\/Pol%C3%ADticasP%C3%BAblicas?src=hash&amp;ref_src=twsrc%5Etfw\" rel=\"noopener noreferrer\">#Pol\u00edticasP\u00fablicas<\/a>  via FigShare <a target=\"_blank\" href=\"https:\/\/t.co\/sWdN91cdNC\" rel=\"noopener noreferrer\">https:\/\/t.co\/sWdN91cdNC<\/a><\/p>\n<p>&mdash; Pedro Andretta (@pedroisandretta) <a target=\"_blank\" href=\"https:\/\/twitter.com\/pedroisandretta\/status\/1321221262744670210?ref_src=twsrc%5Etfw\" rel=\"noopener noreferrer\">October 27, 2020<\/a><\/p><\/blockquote>\n<p><script async src=\"https:\/\/platform.twitter.com\/widgets.js\" charset=\"utf-8\"><\/script><\/p>\n<p>[ad_2]<br \/>\n<br \/><a href=\"https:\/\/twitter.com\/pedroisandretta\/statuses\/1321221262744670210\">Fonte<\/a> : Projeto <a href=\"https:\/\/www.pedroandretta.info\/informeci\">Informe-CI<\/a><\/p>\n","protected":false},"excerpt":{"rendered":"<p>[ad_1] Pol\u00edticas p\u00fablicas: #Livros e #Bibliotecas no Brasil 1930-2020 | Nem conhe\u00e7o pessoalmente mas sou f\u00e3 dos trabalhos da Prof Gabrielle Francinne Tanus! E fiquei ainda mais f\u00e3 depois de ver esses materiais de aula! #Pol\u00edticasP\u00fablicas via FigShare https:\/\/t.co\/sWdN91cdNC &mdash; Pedro Andretta (@pedroisandretta) October 27, 2020 [ad_2] Fonte : Projeto Informe-CI<\/p>\n","protected":false},"author":1,"featured_media":0,"comment_status":"open","ping_status":"open","sticky":false,"template":"","format":"standard","meta":{"_jetpack_memberships_contains_paid_content":false,"footnotes":"","jetpack_publicize_message":"","jetpack_publicize_feature_enabled":true,"jetpack_social_post_already_shared":true,"jetpack_social_options":{"image_generator_settings":{"template":"highway","default_image_id":0,"font":"","enabled":false},"version":2}},"categories":[21],"tags":[38,63,449],"class_list":["post-7818","post","type-post","status-publish","format-standard","hentry","category-informeci","tag-bibliotecas","tag-livros","tag-politicaspublicas"],"jetpack_publicize_connections":[],"jetpack_featured_media_url":"","views":"","jetpack_sharing_enabled":true,"_links":{"self":[{"href":"https:\/\/www.pedroandretta.info\/index\/wp-json\/wp\/v2\/posts\/7818","targetHints":{"allow":["GET"]}}],"collection":[{"href":"https:\/\/www.pedroandretta.info\/index\/wp-json\/wp\/v2\/posts"}],"about":[{"href":"https:\/\/www.pedroandretta.info\/index\/wp-json\/wp\/v2\/types\/post"}],"author":[{"embeddable":true,"href":"https:\/\/www.pedroandretta.info\/index\/wp-json\/wp\/v2\/users\/1"}],"replies":[{"embeddable":true,"href":"https:\/\/www.pedroandretta.info\/index\/wp-json\/wp\/v2\/comments?post=7818"}],"version-history":[{"count":0,"href":"https:\/\/www.pedroandretta.info\/index\/wp-json\/wp\/v2\/posts\/7818\/revisions"}],"wp:attachment":[{"href":"https:\/\/www.pedroandretta.info\/index\/wp-json\/wp\/v2\/media?parent=7818"}],"wp:term":[{"taxonomy":"category","embeddable":true,"href":"https:\/\/www.pedroandretta.info\/index\/wp-json\/wp\/v2\/categories?post=7818"},{"taxonomy":"post_tag","embeddable":true,"href":"https:\/\/www.pedroandretta.info\/index\/wp-json\/wp\/v2\/tags?post=7818"}],"curies":[{"name":"wp","href":"https:\/\/api.w.org\/{rel}","templated":true}]}}