{"id":7844,"date":"2020-10-29T19:54:36","date_gmt":"2020-10-29T23:54:36","guid":{"rendered":"https:\/\/www.pedroandretta.info\/index\/?p=7844"},"modified":"2020-10-29T19:54:36","modified_gmt":"2020-10-29T23:54:36","slug":"mentalidadedigital-para-servicos-bibliotecarios-no-contexto-atual-antigos","status":"publish","type":"post","link":"https:\/\/www.pedroandretta.info\/index\/2020\/10\/mentalidadedigital-para-servicos-bibliotecarios-no-contexto-atual-antigos\/","title":{"rendered":"#MentalidadeDigital para servi\u00e7os bibliotec\u00e1rios&#8230; |&#8221;No contexto atual, antigos&#8230;"},"content":{"rendered":"<p>[ad_1]<\/p>\n<blockquote class=\"twitter-tweet\">\n<p lang=\"pt\" dir=\"ltr\"><a target=\"_blank\" href=\"https:\/\/twitter.com\/hashtag\/MentalidadeDigital?src=hash&amp;ref_src=twsrc%5Etfw\" rel=\"noopener noreferrer\">#MentalidadeDigital<\/a> para servi\u00e7os bibliotec\u00e1rios&#8230; |&quot;No contexto atual, antigos m\u00e9todos e compet\u00eancias n\u00e3o t\u00eam sobreviv\u00eancia em um futuro cada vez mais presente e de exig\u00eancia no uso intenso de tecnologias digitais, capacidade de adapta\u00e7\u00e3o [&#8230;]&quot; via OFAJ <a target=\"_blank\" href=\"https:\/\/t.co\/mY9Q08Belr\" rel=\"noopener noreferrer\">https:\/\/t.co\/mY9Q08Belr<\/a><\/p>\n<p>&mdash; Pedro Andretta (@pedroisandretta) <a target=\"_blank\" href=\"https:\/\/twitter.com\/pedroisandretta\/status\/1321963679009722370?ref_src=twsrc%5Etfw\" rel=\"noopener noreferrer\">October 29, 2020<\/a><\/p><\/blockquote>\n<p><script async src=\"https:\/\/platform.twitter.com\/widgets.js\" charset=\"utf-8\"><\/script><\/p>\n<p>[ad_2]<br \/>\n<br \/><a href=\"https:\/\/twitter.com\/pedroisandretta\/statuses\/1321963679009722370\">Fonte<\/a> : Projeto <a href=\"https:\/\/www.pedroandretta.info\/informeci\">Informe-CI<\/a><\/p>\n","protected":false},"excerpt":{"rendered":"<p>[ad_1] #MentalidadeDigital para servi\u00e7os bibliotec\u00e1rios&#8230; |&quot;No contexto atual, antigos m\u00e9todos e compet\u00eancias n\u00e3o t\u00eam sobreviv\u00eancia em um futuro cada vez mais presente e de exig\u00eancia no uso intenso de tecnologias digitais, capacidade de adapta\u00e7\u00e3o [&#8230;]&quot; via OFAJ https:\/\/t.co\/mY9Q08Belr &mdash; Pedro Andretta (@pedroisandretta) October 29, 2020 [ad_2] Fonte : Projeto Informe-CI<\/p>\n","protected":false},"author":1,"featured_media":0,"comment_status":"open","ping_status":"open","sticky":false,"template":"","format":"standard","meta":{"_jetpack_memberships_contains_paid_content":false,"footnotes":"","jetpack_publicize_message":"","jetpack_publicize_feature_enabled":true,"jetpack_social_post_already_shared":true,"jetpack_social_options":{"image_generator_settings":{"template":"highway","default_image_id":0,"font":"","enabled":false},"version":2}},"categories":[21],"tags":[1546],"class_list":["post-7844","post","type-post","status-publish","format-standard","hentry","category-informeci","tag-mentalidadedigital"],"jetpack_publicize_connections":[],"jetpack_featured_media_url":"","views":"","jetpack_sharing_enabled":true,"_links":{"self":[{"href":"https:\/\/www.pedroandretta.info\/index\/wp-json\/wp\/v2\/posts\/7844","targetHints":{"allow":["GET"]}}],"collection":[{"href":"https:\/\/www.pedroandretta.info\/index\/wp-json\/wp\/v2\/posts"}],"about":[{"href":"https:\/\/www.pedroandretta.info\/index\/wp-json\/wp\/v2\/types\/post"}],"author":[{"embeddable":true,"href":"https:\/\/www.pedroandretta.info\/index\/wp-json\/wp\/v2\/users\/1"}],"replies":[{"embeddable":true,"href":"https:\/\/www.pedroandretta.info\/index\/wp-json\/wp\/v2\/comments?post=7844"}],"version-history":[{"count":0,"href":"https:\/\/www.pedroandretta.info\/index\/wp-json\/wp\/v2\/posts\/7844\/revisions"}],"wp:attachment":[{"href":"https:\/\/www.pedroandretta.info\/index\/wp-json\/wp\/v2\/media?parent=7844"}],"wp:term":[{"taxonomy":"category","embeddable":true,"href":"https:\/\/www.pedroandretta.info\/index\/wp-json\/wp\/v2\/categories?post=7844"},{"taxonomy":"post_tag","embeddable":true,"href":"https:\/\/www.pedroandretta.info\/index\/wp-json\/wp\/v2\/tags?post=7844"}],"curies":[{"name":"wp","href":"https:\/\/api.w.org\/{rel}","templated":true}]}}