{"id":7848,"date":"2020-10-30T03:52:22","date_gmt":"2020-10-30T07:52:22","guid":{"rendered":"https:\/\/www.pedroandretta.info\/index\/?p=7848"},"modified":"2020-10-30T03:52:22","modified_gmt":"2020-10-30T07:52:22","slug":"conheca-as-startups-de-jornalismo-selecionadas-pelo-google-for-startups-inspe","status":"publish","type":"post","link":"https:\/\/www.pedroandretta.info\/index\/2020\/10\/conheca-as-startups-de-jornalismo-selecionadas-pelo-google-for-startups-inspe\/","title":{"rendered":"Conhe\u00e7a as #startups de #jornalismo selecionadas pelo Google for Startups, Inspe&#8230;"},"content":{"rendered":"<p>[ad_1]<\/p>\n<blockquote class=\"twitter-tweet\">\n<p lang=\"pt\" dir=\"ltr\">Conhe\u00e7a as <a target=\"_blank\" href=\"https:\/\/twitter.com\/hashtag\/startups?src=hash&amp;ref_src=twsrc%5Etfw\" rel=\"noopener noreferrer\">#startups<\/a> de <a target=\"_blank\" href=\"https:\/\/twitter.com\/hashtag\/jornalismo?src=hash&amp;ref_src=twsrc%5Etfw\" rel=\"noopener noreferrer\">#jornalismo<\/a> selecionadas pelo Google for Startups, Insper e Echos | J\u00e1 acompanhava o MyNews,  Ag\u00eancia Bori e N\u00facleo Jornalismo&#8230; Gostei das dicas: Alma Preta, AzMina, Ponte Jornalismo e de outras 4 selecionadas! via Google Brasil <a target=\"_blank\" href=\"https:\/\/t.co\/bN2mlVOWTp\" rel=\"noopener noreferrer\">https:\/\/t.co\/bN2mlVOWTp<\/a><\/p>\n<p>&mdash; Pedro Andretta (@pedroisandretta) <a target=\"_blank\" href=\"https:\/\/twitter.com\/pedroisandretta\/status\/1322083914136068097?ref_src=twsrc%5Etfw\" rel=\"noopener noreferrer\">October 30, 2020<\/a><\/p><\/blockquote>\n<p><script async src=\"https:\/\/platform.twitter.com\/widgets.js\" charset=\"utf-8\"><\/script><\/p>\n<p>[ad_2]<br \/>\n<br \/><a href=\"https:\/\/twitter.com\/pedroisandretta\/statuses\/1322083914136068097\">Fonte<\/a> : Projeto <a href=\"https:\/\/www.pedroandretta.info\/informeci\">Informe-CI<\/a><\/p>\n","protected":false},"excerpt":{"rendered":"<p>[ad_1] Conhe\u00e7a as #startups de #jornalismo selecionadas pelo Google for Startups, Insper e Echos | J\u00e1 acompanhava o MyNews, Ag\u00eancia Bori e N\u00facleo Jornalismo&#8230; Gostei das dicas: Alma Preta, AzMina, Ponte Jornalismo e de outras 4 selecionadas! via Google Brasil https:\/\/t.co\/bN2mlVOWTp &mdash; Pedro Andretta (@pedroisandretta) October 30, 2020 [ad_2] Fonte : Projeto Informe-CI<\/p>\n","protected":false},"author":1,"featured_media":0,"comment_status":"open","ping_status":"open","sticky":false,"template":"","format":"standard","meta":{"_jetpack_memberships_contains_paid_content":false,"footnotes":"","jetpack_publicize_message":"","jetpack_publicize_feature_enabled":true,"jetpack_social_post_already_shared":true,"jetpack_social_options":{"image_generator_settings":{"template":"highway","default_image_id":0,"font":"","enabled":false},"version":2}},"categories":[21],"tags":[723,1540],"class_list":["post-7848","post","type-post","status-publish","format-standard","hentry","category-informeci","tag-jornalismo","tag-startups"],"jetpack_publicize_connections":[],"jetpack_featured_media_url":"","views":"","jetpack_sharing_enabled":true,"_links":{"self":[{"href":"https:\/\/www.pedroandretta.info\/index\/wp-json\/wp\/v2\/posts\/7848","targetHints":{"allow":["GET"]}}],"collection":[{"href":"https:\/\/www.pedroandretta.info\/index\/wp-json\/wp\/v2\/posts"}],"about":[{"href":"https:\/\/www.pedroandretta.info\/index\/wp-json\/wp\/v2\/types\/post"}],"author":[{"embeddable":true,"href":"https:\/\/www.pedroandretta.info\/index\/wp-json\/wp\/v2\/users\/1"}],"replies":[{"embeddable":true,"href":"https:\/\/www.pedroandretta.info\/index\/wp-json\/wp\/v2\/comments?post=7848"}],"version-history":[{"count":0,"href":"https:\/\/www.pedroandretta.info\/index\/wp-json\/wp\/v2\/posts\/7848\/revisions"}],"wp:attachment":[{"href":"https:\/\/www.pedroandretta.info\/index\/wp-json\/wp\/v2\/media?parent=7848"}],"wp:term":[{"taxonomy":"category","embeddable":true,"href":"https:\/\/www.pedroandretta.info\/index\/wp-json\/wp\/v2\/categories?post=7848"},{"taxonomy":"post_tag","embeddable":true,"href":"https:\/\/www.pedroandretta.info\/index\/wp-json\/wp\/v2\/tags?post=7848"}],"curies":[{"name":"wp","href":"https:\/\/api.w.org\/{rel}","templated":true}]}}