{"id":7928,"date":"2020-11-05T13:03:41","date_gmt":"2020-11-05T17:03:41","guid":{"rendered":"https:\/\/www.pedroandretta.info\/index\/?p=7928"},"modified":"2020-11-05T13:03:41","modified_gmt":"2020-11-05T17:03:41","slug":"no-brasil-17-estados-ficam-abaixo-da-media-em-avaliacao-de-alfabetizacao-da","status":"publish","type":"post","link":"https:\/\/www.pedroandretta.info\/index\/2020\/11\/no-brasil-17-estados-ficam-abaixo-da-media-em-avaliacao-de-alfabetizacao-da\/","title":{"rendered":"No Brasil, 17 estados ficam abaixo da m\u00e9dia em avalia\u00e7\u00e3o de #alfabetiza\u00e7\u00e3o | \u201cDa&#8230;"},"content":{"rendered":"<p>[ad_1]<br \/>\n<img data-recalc-dims=\"1\" decoding=\"async\" src=\"https:\/\/i0.wp.com\/www.pedroandretta.info\/index\/wp-content\/uploads\/2020\/11\/No-Brasil-17-estados-ficam-abaixo-da-media-em-avaliacao.jpg?w=696&#038;ssl=1\"\/><\/p>\n<blockquote class=\"twitter-tweet\">\n<p lang=\"pt\" dir=\"ltr\">No Brasil, 17 estados ficam abaixo da m\u00e9dia em avalia\u00e7\u00e3o de <a target=\"_blank\" href=\"https:\/\/twitter.com\/hashtag\/alfabetiza%C3%A7%C3%A3o?src=hash&amp;ref_src=twsrc%5Etfw\" rel=\"noopener noreferrer\">#alfabetiza\u00e7\u00e3o<\/a> | \u201cDas regi\u00f5es Norte e Nordeste, somente o Cear\u00e1 conseguiu ficar acima da m\u00e9dia nas  disciplinas de portugu\u00eas e matem\u00e1tica\u201d <a target=\"_blank\" href=\"https:\/\/twitter.com\/hashtag\/SAEB?src=hash&amp;ref_src=twsrc%5Etfw\" rel=\"noopener noreferrer\">#SAEB<\/a> <a target=\"_blank\" href=\"https:\/\/twitter.com\/hashtag\/IDEB?src=hash&amp;ref_src=twsrc%5Etfw\" rel=\"noopener noreferrer\">#IDEB<\/a> via Folha <a target=\"_blank\" href=\"https:\/\/t.co\/0Rj64X9Hr1\" rel=\"noopener noreferrer\">https:\/\/t.co\/0Rj64X9Hr1<\/a><\/p>\n<p>&mdash; Pedro Andretta (@pedroisandretta) <a target=\"_blank\" href=\"https:\/\/twitter.com\/pedroisandretta\/status\/1324396981951844352?ref_src=twsrc%5Etfw\" rel=\"noopener noreferrer\">November 5, 2020<\/a><\/p><\/blockquote>\n<p><script async src=\"https:\/\/platform.twitter.com\/widgets.js\" charset=\"utf-8\"><\/script><\/p>\n<p>[ad_2]<br \/>\n<br \/><a href=\"https:\/\/twitter.com\/pedroisandretta\/statuses\/1324396981951844352\">Fonte<\/a> : Projeto <a href=\"https:\/\/www.pedroandretta.info\/informeci\">Informe-CI<\/a><\/p>\n","protected":false},"excerpt":{"rendered":"<p>[ad_1] No Brasil, 17 estados ficam abaixo da m\u00e9dia em avalia\u00e7\u00e3o de #alfabetiza\u00e7\u00e3o | \u201cDas regi\u00f5es Norte e Nordeste, somente o Cear\u00e1 conseguiu ficar acima da m\u00e9dia nas disciplinas de portugu\u00eas e matem\u00e1tica\u201d #SAEB #IDEB via Folha https:\/\/t.co\/0Rj64X9Hr1 &mdash; Pedro Andretta (@pedroisandretta) November 5, 2020 [ad_2] Fonte : Projeto Informe-CI<\/p>\n","protected":false},"author":1,"featured_media":7929,"comment_status":"open","ping_status":"open","sticky":false,"template":"","format":"standard","meta":{"_jetpack_memberships_contains_paid_content":false,"footnotes":"","jetpack_publicize_message":"","jetpack_publicize_feature_enabled":true,"jetpack_social_post_already_shared":true,"jetpack_social_options":{"image_generator_settings":{"template":"highway","default_image_id":0,"font":"","enabled":false},"version":2}},"categories":[21],"tags":[436,1367,818],"class_list":["post-7928","post","type-post","status-publish","format-standard","has-post-thumbnail","hentry","category-informeci","tag-alfabetizacao","tag-ideb","tag-saeb"],"jetpack_publicize_connections":[],"jetpack_featured_media_url":"https:\/\/i0.wp.com\/www.pedroandretta.info\/index\/wp-content\/uploads\/2020\/11\/No-Brasil-17-estados-ficam-abaixo-da-media-em-avaliacao.jpg?fit=2400%2C1600&ssl=1","views":"","jetpack_sharing_enabled":true,"_links":{"self":[{"href":"https:\/\/www.pedroandretta.info\/index\/wp-json\/wp\/v2\/posts\/7928","targetHints":{"allow":["GET"]}}],"collection":[{"href":"https:\/\/www.pedroandretta.info\/index\/wp-json\/wp\/v2\/posts"}],"about":[{"href":"https:\/\/www.pedroandretta.info\/index\/wp-json\/wp\/v2\/types\/post"}],"author":[{"embeddable":true,"href":"https:\/\/www.pedroandretta.info\/index\/wp-json\/wp\/v2\/users\/1"}],"replies":[{"embeddable":true,"href":"https:\/\/www.pedroandretta.info\/index\/wp-json\/wp\/v2\/comments?post=7928"}],"version-history":[{"count":0,"href":"https:\/\/www.pedroandretta.info\/index\/wp-json\/wp\/v2\/posts\/7928\/revisions"}],"wp:featuredmedia":[{"embeddable":true,"href":"https:\/\/www.pedroandretta.info\/index\/wp-json\/wp\/v2\/media\/7929"}],"wp:attachment":[{"href":"https:\/\/www.pedroandretta.info\/index\/wp-json\/wp\/v2\/media?parent=7928"}],"wp:term":[{"taxonomy":"category","embeddable":true,"href":"https:\/\/www.pedroandretta.info\/index\/wp-json\/wp\/v2\/categories?post=7928"},{"taxonomy":"post_tag","embeddable":true,"href":"https:\/\/www.pedroandretta.info\/index\/wp-json\/wp\/v2\/tags?post=7928"}],"curies":[{"name":"wp","href":"https:\/\/api.w.org\/{rel}","templated":true}]}}