{"id":7932,"date":"2020-11-05T16:29:14","date_gmt":"2020-11-05T20:29:14","guid":{"rendered":"https:\/\/www.pedroandretta.info\/index\/?p=7932"},"modified":"2020-11-05T16:29:14","modified_gmt":"2020-11-05T20:29:14","slug":"declaracao-da-ifla-sobre-bibliotecas-e-inteligencia-artificial-como-os-desen","status":"publish","type":"post","link":"https:\/\/www.pedroandretta.info\/index\/2020\/11\/declaracao-da-ifla-sobre-bibliotecas-e-inteligencia-artificial-como-os-desen\/","title":{"rendered":"Declara\u00e7\u00e3o da IFLA sobre #Bibliotecas e Intelig\u00eancia Artificial | \u201cComo os desen&#8230;"},"content":{"rendered":"<p>[ad_1]<\/p>\n<blockquote class=\"twitter-tweet\">\n<p lang=\"pt\" dir=\"ltr\">Declara\u00e7\u00e3o da IFLA sobre <a target=\"_blank\" href=\"https:\/\/twitter.com\/hashtag\/Bibliotecas?src=hash&amp;ref_src=twsrc%5Etfw\" rel=\"noopener noreferrer\">#Bibliotecas<\/a> e Intelig\u00eancia Artificial | \u201cComo os desenvolvimentos em <a target=\"_blank\" href=\"https:\/\/twitter.com\/hashtag\/IA?src=hash&amp;ref_src=twsrc%5Etfw\" rel=\"noopener noreferrer\">#IA<\/a> podem impactar as pr\u00e1ticas cotidianas e a miss\u00e3o social mais ampla das bibliotecas? A nova declara\u00e7\u00e3o da IFLA estabelece princ\u00edpios fundamentais\u201d \ud83c\uddfa\ud83c\uddf8 via IFLA <a target=\"_blank\" href=\"https:\/\/t.co\/n0n52uYBXH\" rel=\"noopener noreferrer\">https:\/\/t.co\/n0n52uYBXH<\/a><\/p>\n<p>&mdash; Pedro Andretta (@pedroisandretta) <a target=\"_blank\" href=\"https:\/\/twitter.com\/pedroisandretta\/status\/1324448709405560834?ref_src=twsrc%5Etfw\" rel=\"noopener noreferrer\">November 5, 2020<\/a><\/p><\/blockquote>\n<p><script async src=\"https:\/\/platform.twitter.com\/widgets.js\" charset=\"utf-8\"><\/script><\/p>\n<p>[ad_2]<br \/>\n<br \/><a href=\"https:\/\/twitter.com\/pedroisandretta\/statuses\/1324448709405560834\">Fonte<\/a> : Projeto <a href=\"https:\/\/www.pedroandretta.info\/informeci\">Informe-CI<\/a><\/p>\n","protected":false},"excerpt":{"rendered":"<p>[ad_1] Declara\u00e7\u00e3o da IFLA sobre #Bibliotecas e Intelig\u00eancia Artificial | \u201cComo os desenvolvimentos em #IA podem impactar as pr\u00e1ticas cotidianas e a miss\u00e3o social mais ampla das bibliotecas? A nova declara\u00e7\u00e3o da IFLA estabelece princ\u00edpios fundamentais\u201d \ud83c\uddfa\ud83c\uddf8 via IFLA https:\/\/t.co\/n0n52uYBXH &mdash; Pedro Andretta (@pedroisandretta) November 5, 2020 [ad_2] Fonte : Projeto Informe-CI<\/p>\n","protected":false},"author":1,"featured_media":0,"comment_status":"open","ping_status":"open","sticky":false,"template":"","format":"standard","meta":{"_jetpack_memberships_contains_paid_content":false,"footnotes":"","jetpack_publicize_message":"","jetpack_publicize_feature_enabled":true,"jetpack_social_post_already_shared":true,"jetpack_social_options":{"image_generator_settings":{"template":"highway","default_image_id":0,"font":"","enabled":false},"version":2}},"categories":[21],"tags":[38,1994],"class_list":["post-7932","post","type-post","status-publish","format-standard","hentry","category-informeci","tag-bibliotecas","tag-inteligenciaartificial"],"jetpack_publicize_connections":[],"jetpack_featured_media_url":"","views":"","jetpack_sharing_enabled":true,"_links":{"self":[{"href":"https:\/\/www.pedroandretta.info\/index\/wp-json\/wp\/v2\/posts\/7932","targetHints":{"allow":["GET"]}}],"collection":[{"href":"https:\/\/www.pedroandretta.info\/index\/wp-json\/wp\/v2\/posts"}],"about":[{"href":"https:\/\/www.pedroandretta.info\/index\/wp-json\/wp\/v2\/types\/post"}],"author":[{"embeddable":true,"href":"https:\/\/www.pedroandretta.info\/index\/wp-json\/wp\/v2\/users\/1"}],"replies":[{"embeddable":true,"href":"https:\/\/www.pedroandretta.info\/index\/wp-json\/wp\/v2\/comments?post=7932"}],"version-history":[{"count":0,"href":"https:\/\/www.pedroandretta.info\/index\/wp-json\/wp\/v2\/posts\/7932\/revisions"}],"wp:attachment":[{"href":"https:\/\/www.pedroandretta.info\/index\/wp-json\/wp\/v2\/media?parent=7932"}],"wp:term":[{"taxonomy":"category","embeddable":true,"href":"https:\/\/www.pedroandretta.info\/index\/wp-json\/wp\/v2\/categories?post=7932"},{"taxonomy":"post_tag","embeddable":true,"href":"https:\/\/www.pedroandretta.info\/index\/wp-json\/wp\/v2\/tags?post=7932"}],"curies":[{"name":"wp","href":"https:\/\/api.w.org\/{rel}","templated":true}]}}