{"id":7937,"date":"2020-11-05T15:56:43","date_gmt":"2020-11-05T19:56:43","guid":{"rendered":"https:\/\/www.pedroandretta.info\/index\/?p=7937"},"modified":"2020-11-05T15:56:43","modified_gmt":"2020-11-05T19:56:43","slug":"bibliotecas-que-sao-espacos-esta-e-a-verdadeira-forca-das-bibliotecas-reu","status":"publish","type":"post","link":"https:\/\/www.pedroandretta.info\/index\/2020\/11\/bibliotecas-que-sao-espacos-esta-e-a-verdadeira-forca-das-bibliotecas-reu\/","title":{"rendered":"Bibliotecas que s\u00e3o espa\u00e7os  | \u201cEsta \u00e9 a verdadeira for\u00e7a das #bibliotecas : reu&#8230;"},"content":{"rendered":"<p>[ad_1]<\/p>\n<blockquote class=\"twitter-tweet\">\n<p lang=\"pt\" dir=\"ltr\">Bibliotecas que s\u00e3o espa\u00e7os  | \u201cEsta \u00e9 a verdadeira for\u00e7a das <a target=\"_blank\" href=\"https:\/\/twitter.com\/hashtag\/bibliotecas?src=hash&amp;ref_src=twsrc%5Etfw\" rel=\"noopener noreferrer\">#bibliotecas<\/a> : reunir as pessoas da comunidade permitindo a coes\u00e3o social e ajudando a aliviar os efeitos do isolamento e da solid\u00e3o em grupos vulner\u00e1veis\u201d \ud83c\uddfa\ud83c\uddf8 via Princh <a target=\"_blank\" href=\"https:\/\/t.co\/s7ic2fGz84\" rel=\"noopener noreferrer\">https:\/\/t.co\/s7ic2fGz84<\/a><\/p>\n<p>&mdash; Pedro Andretta (@pedroisandretta) <a target=\"_blank\" href=\"https:\/\/twitter.com\/pedroisandretta\/status\/1324440528067481600?ref_src=twsrc%5Etfw\" rel=\"noopener noreferrer\">November 5, 2020<\/a><\/p><\/blockquote>\n<p><script async src=\"https:\/\/platform.twitter.com\/widgets.js\" charset=\"utf-8\"><\/script><\/p>\n<p>[ad_2]<br \/>\n<br \/><a href=\"https:\/\/twitter.com\/pedroisandretta\/statuses\/1324440528067481600\">Fonte<\/a> : Projeto <a href=\"https:\/\/www.pedroandretta.info\/informeci\">Informe-CI<\/a><\/p>\n","protected":false},"excerpt":{"rendered":"<p>[ad_1] Bibliotecas que s\u00e3o espa\u00e7os | \u201cEsta \u00e9 a verdadeira for\u00e7a das #bibliotecas : reunir as pessoas da comunidade permitindo a coes\u00e3o social e ajudando a aliviar os efeitos do isolamento e da solid\u00e3o em grupos vulner\u00e1veis\u201d \ud83c\uddfa\ud83c\uddf8 via Princh https:\/\/t.co\/s7ic2fGz84 &mdash; Pedro Andretta (@pedroisandretta) November 5, 2020 [ad_2] Fonte : Projeto Informe-CI<\/p>\n","protected":false},"author":1,"featured_media":0,"comment_status":"open","ping_status":"open","sticky":false,"template":"","format":"standard","meta":{"_jetpack_memberships_contains_paid_content":false,"footnotes":"","jetpack_publicize_message":"","jetpack_publicize_feature_enabled":true,"jetpack_social_post_already_shared":true,"jetpack_social_options":{"image_generator_settings":{"template":"highway","default_image_id":0,"font":"","enabled":false},"version":2}},"categories":[21],"tags":[38],"class_list":["post-7937","post","type-post","status-publish","format-standard","hentry","category-informeci","tag-bibliotecas"],"jetpack_publicize_connections":[],"jetpack_featured_media_url":"","views":"","jetpack_sharing_enabled":true,"_links":{"self":[{"href":"https:\/\/www.pedroandretta.info\/index\/wp-json\/wp\/v2\/posts\/7937","targetHints":{"allow":["GET"]}}],"collection":[{"href":"https:\/\/www.pedroandretta.info\/index\/wp-json\/wp\/v2\/posts"}],"about":[{"href":"https:\/\/www.pedroandretta.info\/index\/wp-json\/wp\/v2\/types\/post"}],"author":[{"embeddable":true,"href":"https:\/\/www.pedroandretta.info\/index\/wp-json\/wp\/v2\/users\/1"}],"replies":[{"embeddable":true,"href":"https:\/\/www.pedroandretta.info\/index\/wp-json\/wp\/v2\/comments?post=7937"}],"version-history":[{"count":0,"href":"https:\/\/www.pedroandretta.info\/index\/wp-json\/wp\/v2\/posts\/7937\/revisions"}],"wp:attachment":[{"href":"https:\/\/www.pedroandretta.info\/index\/wp-json\/wp\/v2\/media?parent=7937"}],"wp:term":[{"taxonomy":"category","embeddable":true,"href":"https:\/\/www.pedroandretta.info\/index\/wp-json\/wp\/v2\/categories?post=7937"},{"taxonomy":"post_tag","embeddable":true,"href":"https:\/\/www.pedroandretta.info\/index\/wp-json\/wp\/v2\/tags?post=7937"}],"curies":[{"name":"wp","href":"https:\/\/api.w.org\/{rel}","templated":true}]}}