{"id":7967,"date":"2020-11-08T16:29:47","date_gmt":"2020-11-08T20:29:47","guid":{"rendered":"https:\/\/www.pedroandretta.info\/index\/?p=7967"},"modified":"2020-11-08T16:29:47","modified_gmt":"2020-11-08T20:29:47","slug":"o-trabalho-da-google-news-initiative-por-um-jornalismo-mais-forte-conheca-as","status":"publish","type":"post","link":"https:\/\/www.pedroandretta.info\/index\/2020\/11\/o-trabalho-da-google-news-initiative-por-um-jornalismo-mais-forte-conheca-as\/","title":{"rendered":"O trabalho da Google News Initiative por um #jornalismo mais forte | Conhe\u00e7a as &#8230;"},"content":{"rendered":"<p>[ad_1]<\/p>\n<blockquote class=\"twitter-tweet\">\n<p lang=\"pt\" dir=\"ltr\">O trabalho da Google News Initiative por um <a target=\"_blank\" href=\"https:\/\/twitter.com\/hashtag\/jornalismo?src=hash&amp;ref_src=twsrc%5Etfw\" rel=\"noopener noreferrer\">#jornalismo<\/a> mais forte | Conhe\u00e7a as iniciativas Google para desenvolver novos modelos de sustentabilidade digital, enfrentar a desinforma\u00e7\u00e3o e elevar a qualidade de reportagens e narrativas via Google Brasil <a target=\"_blank\" href=\"https:\/\/t.co\/pUHZe93hZ3\" rel=\"noopener noreferrer\">https:\/\/t.co\/pUHZe93hZ3<\/a><\/p>\n<p>&mdash; Pedro Andretta (@pedroisandretta) <a target=\"_blank\" href=\"https:\/\/twitter.com\/pedroisandretta\/status\/1325536014308421632?ref_src=twsrc%5Etfw\" rel=\"noopener noreferrer\">November 8, 2020<\/a><\/p><\/blockquote>\n<p><script async src=\"https:\/\/platform.twitter.com\/widgets.js\" charset=\"utf-8\"><\/script><\/p>\n<p>[ad_2]<br \/>\n<br \/><a href=\"https:\/\/twitter.com\/pedroisandretta\/statuses\/1325536014308421632\">Fonte<\/a> : Projeto <a href=\"https:\/\/www.pedroandretta.info\/informeci\">Informe-CI<\/a><\/p>\n","protected":false},"excerpt":{"rendered":"<p>[ad_1] O trabalho da Google News Initiative por um #jornalismo mais forte | Conhe\u00e7a as iniciativas Google para desenvolver novos modelos de sustentabilidade digital, enfrentar a desinforma\u00e7\u00e3o e elevar a qualidade de reportagens e narrativas via Google Brasil https:\/\/t.co\/pUHZe93hZ3 &mdash; Pedro Andretta (@pedroisandretta) November 8, 2020 [ad_2] Fonte : Projeto Informe-CI<\/p>\n","protected":false},"author":1,"featured_media":0,"comment_status":"open","ping_status":"open","sticky":false,"template":"","format":"standard","meta":{"_jetpack_memberships_contains_paid_content":false,"footnotes":"","jetpack_publicize_message":"","jetpack_publicize_feature_enabled":true,"jetpack_social_post_already_shared":true,"jetpack_social_options":{"image_generator_settings":{"template":"highway","default_image_id":0,"font":"","enabled":false},"version":2}},"categories":[21],"tags":[723],"class_list":["post-7967","post","type-post","status-publish","format-standard","hentry","category-informeci","tag-jornalismo"],"jetpack_publicize_connections":[],"jetpack_featured_media_url":"","views":"","jetpack_sharing_enabled":true,"_links":{"self":[{"href":"https:\/\/www.pedroandretta.info\/index\/wp-json\/wp\/v2\/posts\/7967","targetHints":{"allow":["GET"]}}],"collection":[{"href":"https:\/\/www.pedroandretta.info\/index\/wp-json\/wp\/v2\/posts"}],"about":[{"href":"https:\/\/www.pedroandretta.info\/index\/wp-json\/wp\/v2\/types\/post"}],"author":[{"embeddable":true,"href":"https:\/\/www.pedroandretta.info\/index\/wp-json\/wp\/v2\/users\/1"}],"replies":[{"embeddable":true,"href":"https:\/\/www.pedroandretta.info\/index\/wp-json\/wp\/v2\/comments?post=7967"}],"version-history":[{"count":0,"href":"https:\/\/www.pedroandretta.info\/index\/wp-json\/wp\/v2\/posts\/7967\/revisions"}],"wp:attachment":[{"href":"https:\/\/www.pedroandretta.info\/index\/wp-json\/wp\/v2\/media?parent=7967"}],"wp:term":[{"taxonomy":"category","embeddable":true,"href":"https:\/\/www.pedroandretta.info\/index\/wp-json\/wp\/v2\/categories?post=7967"},{"taxonomy":"post_tag","embeddable":true,"href":"https:\/\/www.pedroandretta.info\/index\/wp-json\/wp\/v2\/tags?post=7967"}],"curies":[{"name":"wp","href":"https:\/\/api.w.org\/{rel}","templated":true}]}}