{"id":8033,"date":"2020-11-13T19:44:38","date_gmt":"2020-11-13T23:44:38","guid":{"rendered":"https:\/\/www.pedroandretta.info\/index\/?p=8033"},"modified":"2020-11-13T19:44:38","modified_gmt":"2020-11-13T23:44:38","slug":"quando-nascem-os-leitores-por-maria-b-serra-i-o-que-seria-um-livro-destinad","status":"publish","type":"post","link":"https:\/\/www.pedroandretta.info\/index\/2020\/11\/quando-nascem-os-leitores-por-maria-b-serra-i-o-que-seria-um-livro-destinad\/","title":{"rendered":"Quando nascem os leitores?, por Maria B. Serra I \u201cO que seria um #livro destinad&#8230;"},"content":{"rendered":"<p>[ad_1]<\/p>\n<blockquote class=\"twitter-tweet\">\n<p lang=\"pt\" dir=\"ltr\">Quando nascem os leitores?, por Maria B. Serra I \u201cO que seria um <a target=\"_blank\" href=\"https:\/\/twitter.com\/hashtag\/livro?src=hash&amp;ref_src=twsrc%5Etfw\" rel=\"noopener noreferrer\">#livro<\/a> destinado \u00e0s crian\u00e7as que t\u00eam entre quatro meses e 3 anos e 11 meses? O que seria literatura? Existe literatura infantil para beb\u00eas e crian\u00e7as pequenas?\u201d <a target=\"_blank\" href=\"https:\/\/twitter.com\/hashtag\/PrimeiraInf%C3%A2ncia?src=hash&amp;ref_src=twsrc%5Etfw\" rel=\"noopener noreferrer\">#PrimeiraInf\u00e2ncia<\/a> via Biblioo <a target=\"_blank\" href=\"https:\/\/t.co\/DFT02WrGiZ\" rel=\"noopener noreferrer\">https:\/\/t.co\/DFT02WrGiZ<\/a><\/p>\n<p>&mdash; Pedro Andretta (@pedroisandretta) <a target=\"_blank\" href=\"https:\/\/twitter.com\/pedroisandretta\/status\/1327396987529031686?ref_src=twsrc%5Etfw\" rel=\"noopener noreferrer\">November 13, 2020<\/a><\/p><\/blockquote>\n<p><script async src=\"https:\/\/platform.twitter.com\/widgets.js\" charset=\"utf-8\"><\/script><\/p>\n<p>[ad_2]<br \/>\n<br \/><a href=\"https:\/\/twitter.com\/pedroisandretta\/statuses\/1327396987529031686\">Fonte<\/a> : Projeto <a href=\"https:\/\/www.pedroandretta.info\/informeci\">Informe-CI<\/a><\/p>\n","protected":false},"excerpt":{"rendered":"<p>[ad_1] Quando nascem os leitores?, por Maria B. Serra I \u201cO que seria um #livro destinado \u00e0s crian\u00e7as que t\u00eam entre quatro meses e 3 anos e 11 meses? O que seria literatura? Existe literatura infantil para beb\u00eas e crian\u00e7as pequenas?\u201d #PrimeiraInf\u00e2ncia via Biblioo https:\/\/t.co\/DFT02WrGiZ &mdash; Pedro Andretta (@pedroisandretta) November 13, 2020 [ad_2] Fonte :<\/p><\/div>\n<div class=\"blog-btn\"><a href=\"https:\/\/www.pedroandretta.info\/index\/2020\/11\/quando-nascem-os-leitores-por-maria-b-serra-i-o-que-seria-um-livro-destinad\/\" class=\"home-blog-btn\">Ler mais<\/a><\/p>\n","protected":false},"author":1,"featured_media":0,"comment_status":"open","ping_status":"open","sticky":false,"template":"","format":"standard","meta":{"_jetpack_memberships_contains_paid_content":false,"footnotes":"","jetpack_publicize_message":"","jetpack_publicize_feature_enabled":true,"jetpack_social_post_already_shared":true,"jetpack_social_options":{"image_generator_settings":{"template":"highway","default_image_id":0,"font":"","enabled":false},"version":2}},"categories":[21],"tags":[63,1613],"class_list":["post-8033","post","type-post","status-publish","format-standard","hentry","category-informeci","tag-livros","tag-primeirainfancia"],"jetpack_publicize_connections":[],"jetpack_featured_media_url":"","views":"","jetpack_sharing_enabled":true,"_links":{"self":[{"href":"https:\/\/www.pedroandretta.info\/index\/wp-json\/wp\/v2\/posts\/8033","targetHints":{"allow":["GET"]}}],"collection":[{"href":"https:\/\/www.pedroandretta.info\/index\/wp-json\/wp\/v2\/posts"}],"about":[{"href":"https:\/\/www.pedroandretta.info\/index\/wp-json\/wp\/v2\/types\/post"}],"author":[{"embeddable":true,"href":"https:\/\/www.pedroandretta.info\/index\/wp-json\/wp\/v2\/users\/1"}],"replies":[{"embeddable":true,"href":"https:\/\/www.pedroandretta.info\/index\/wp-json\/wp\/v2\/comments?post=8033"}],"version-history":[{"count":0,"href":"https:\/\/www.pedroandretta.info\/index\/wp-json\/wp\/v2\/posts\/8033\/revisions"}],"wp:attachment":[{"href":"https:\/\/www.pedroandretta.info\/index\/wp-json\/wp\/v2\/media?parent=8033"}],"wp:term":[{"taxonomy":"category","embeddable":true,"href":"https:\/\/www.pedroandretta.info\/index\/wp-json\/wp\/v2\/categories?post=8033"},{"taxonomy":"post_tag","embeddable":true,"href":"https:\/\/www.pedroandretta.info\/index\/wp-json\/wp\/v2\/tags?post=8033"}],"curies":[{"name":"wp","href":"https:\/\/api.w.org\/{rel}","templated":true}]}}