{"id":8040,"date":"2020-11-14T16:53:04","date_gmt":"2020-11-14T20:53:04","guid":{"rendered":"https:\/\/www.pedroandretta.info\/index\/?p=8040"},"modified":"2020-11-14T16:53:04","modified_gmt":"2020-11-14T20:53:04","slug":"papa-francisco-pede-que-fieis-orem-por-robos-e-inteligencia-artificial-i-muitas","status":"publish","type":"post","link":"https:\/\/www.pedroandretta.info\/index\/2020\/11\/papa-francisco-pede-que-fieis-orem-por-robos-e-inteligencia-artificial-i-muitas\/","title":{"rendered":"Papa Francisco pede que fi\u00e9is orem por rob\u00f4s e intelig\u00eancia artificial I \u201cMuitas&#8230;"},"content":{"rendered":"<p>[ad_1]<br \/>\n<img data-recalc-dims=\"1\" decoding=\"async\" src=\"https:\/\/i0.wp.com\/www.pedroandretta.info\/index\/wp-content\/uploads\/2020\/11\/Papa-Francisco-pede-que-fieis-orem-por-robos-e-inteligencia.png?w=696&#038;ssl=1\"\/><\/p>\n<blockquote class=\"twitter-tweet\">\n<p lang=\"pt\" dir=\"ltr\">Papa Francisco pede que fi\u00e9is orem por rob\u00f4s e intelig\u00eancia artificial I \u201cMuitas pessoas est\u00e3o preocupadas com a \u00e9tica e o futuro da intelig\u00eancia artificial \u200b\u200be da rob\u00f3tica. E, aparentemente, o Papa Francisco est\u00e1 entre elas.\u201d <a target=\"_blank\" href=\"https:\/\/twitter.com\/hashtag\/IA?src=hash&amp;ref_src=twsrc%5Etfw\" rel=\"noopener noreferrer\">#IA<\/a> via Gizmodo <a target=\"_blank\" href=\"https:\/\/t.co\/rM3rVN1sUA\" rel=\"noopener noreferrer\">https:\/\/t.co\/rM3rVN1sUA<\/a><\/p>\n<p>&mdash; Pedro Andretta (@pedroisandretta) <a target=\"_blank\" href=\"https:\/\/twitter.com\/pedroisandretta\/status\/1327716201196363781?ref_src=twsrc%5Etfw\" rel=\"noopener noreferrer\">November 14, 2020<\/a><\/p><\/blockquote>\n<p><script async src=\"https:\/\/platform.twitter.com\/widgets.js\" charset=\"utf-8\"><\/script><\/p>\n<p>[ad_2]<br \/>\n<br \/><a href=\"https:\/\/twitter.com\/pedroisandretta\/statuses\/1327716201196363781\">Fonte<\/a> : Projeto <a href=\"https:\/\/www.pedroandretta.info\/informeci\">Informe-CI<\/a><\/p>\n","protected":false},"excerpt":{"rendered":"<p>[ad_1] Papa Francisco pede que fi\u00e9is orem por rob\u00f4s e intelig\u00eancia artificial I \u201cMuitas pessoas est\u00e3o preocupadas com a \u00e9tica e o futuro da intelig\u00eancia artificial \u200b\u200be da rob\u00f3tica. E, aparentemente, o Papa Francisco est\u00e1 entre elas.\u201d #IA via Gizmodo https:\/\/t.co\/rM3rVN1sUA &mdash; Pedro Andretta (@pedroisandretta) November 14, 2020 [ad_2] Fonte : Projeto Informe-CI<\/p>\n","protected":false},"author":1,"featured_media":8041,"comment_status":"open","ping_status":"open","sticky":false,"template":"","format":"standard","meta":{"_jetpack_memberships_contains_paid_content":false,"footnotes":"","jetpack_publicize_message":"","jetpack_publicize_feature_enabled":true,"jetpack_social_post_already_shared":true,"jetpack_social_options":{"image_generator_settings":{"template":"highway","default_image_id":0,"font":"","enabled":false},"version":2}},"categories":[21],"tags":[1994],"class_list":["post-8040","post","type-post","status-publish","format-standard","has-post-thumbnail","hentry","category-informeci","tag-inteligenciaartificial"],"jetpack_publicize_connections":[],"jetpack_featured_media_url":"https:\/\/i0.wp.com\/www.pedroandretta.info\/index\/wp-content\/uploads\/2020\/11\/Papa-Francisco-pede-que-fieis-orem-por-robos-e-inteligencia.png?fit=1000%2C560&ssl=1","views":"","jetpack_sharing_enabled":true,"_links":{"self":[{"href":"https:\/\/www.pedroandretta.info\/index\/wp-json\/wp\/v2\/posts\/8040","targetHints":{"allow":["GET"]}}],"collection":[{"href":"https:\/\/www.pedroandretta.info\/index\/wp-json\/wp\/v2\/posts"}],"about":[{"href":"https:\/\/www.pedroandretta.info\/index\/wp-json\/wp\/v2\/types\/post"}],"author":[{"embeddable":true,"href":"https:\/\/www.pedroandretta.info\/index\/wp-json\/wp\/v2\/users\/1"}],"replies":[{"embeddable":true,"href":"https:\/\/www.pedroandretta.info\/index\/wp-json\/wp\/v2\/comments?post=8040"}],"version-history":[{"count":0,"href":"https:\/\/www.pedroandretta.info\/index\/wp-json\/wp\/v2\/posts\/8040\/revisions"}],"wp:featuredmedia":[{"embeddable":true,"href":"https:\/\/www.pedroandretta.info\/index\/wp-json\/wp\/v2\/media\/8041"}],"wp:attachment":[{"href":"https:\/\/www.pedroandretta.info\/index\/wp-json\/wp\/v2\/media?parent=8040"}],"wp:term":[{"taxonomy":"category","embeddable":true,"href":"https:\/\/www.pedroandretta.info\/index\/wp-json\/wp\/v2\/categories?post=8040"},{"taxonomy":"post_tag","embeddable":true,"href":"https:\/\/www.pedroandretta.info\/index\/wp-json\/wp\/v2\/tags?post=8040"}],"curies":[{"name":"wp","href":"https:\/\/api.w.org\/{rel}","templated":true}]}}