{"id":8045,"date":"2020-11-14T22:05:36","date_gmt":"2020-11-15T02:05:36","guid":{"rendered":"https:\/\/www.pedroandretta.info\/index\/?p=8045"},"modified":"2020-11-14T22:05:36","modified_gmt":"2020-11-15T02:05:36","slug":"por-que-o-principio-dos-rebus-e-sem-duvida-um-dos-mais-importantes-da-historia","status":"publish","type":"post","link":"https:\/\/www.pedroandretta.info\/index\/2020\/11\/por-que-o-principio-dos-rebus-e-sem-duvida-um-dos-mais-importantes-da-historia\/","title":{"rendered":"Por que o Princ\u00edpio dos Rebus, \u00e9 sem d\u00favida um dos mais importantes da hist\u00f3ria &#8230;"},"content":{"rendered":"<p>[ad_1]<\/p>\n<blockquote class=\"twitter-tweet\">\n<p lang=\"pt\" dir=\"ltr\">Por que o Princ\u00edpio dos Rebus, \u00e9 sem d\u00favida um dos mais importantes da hist\u00f3ria da humanidade? \u201cPrinc\u00edpio dos <a target=\"_blank\" href=\"https:\/\/twitter.com\/hashtag\/Rebus?src=hash&amp;ref_src=twsrc%5Etfw\" rel=\"noopener noreferrer\">#Rebus<\/a> = a ideia de que uma imagem pode representar mais do que o pr\u00f3prio objeto\u201d \ud83c\uddea\ud83c\uddf8 <a target=\"_blank\" href=\"https:\/\/twitter.com\/hashtag\/Hist%C3%B3riaDaEscrita?src=hash&amp;ref_src=twsrc%5Etfw\" rel=\"noopener noreferrer\">#Hist\u00f3riaDaEscrita<\/a> <a target=\"_blank\" href=\"https:\/\/twitter.com\/hashtag\/LeituraEscritaECultura?src=hash&amp;ref_src=twsrc%5Etfw\" rel=\"noopener noreferrer\">#LeituraEscritaECultura<\/a> via BBC <a target=\"_blank\" href=\"https:\/\/t.co\/aTQfxlfdEC\" rel=\"noopener noreferrer\">https:\/\/t.co\/aTQfxlfdEC<\/a><\/p>\n<p>&mdash; Pedro Andretta (@pedroisandretta) <a target=\"_blank\" href=\"https:\/\/twitter.com\/pedroisandretta\/status\/1327794850125713408?ref_src=twsrc%5Etfw\" rel=\"noopener noreferrer\">November 15, 2020<\/a><\/p><\/blockquote>\n<p><script async src=\"https:\/\/platform.twitter.com\/widgets.js\" charset=\"utf-8\"><\/script><\/p>\n<p>[ad_2]<br \/>\n<br \/><a href=\"https:\/\/twitter.com\/pedroisandretta\/statuses\/1327794850125713408\">Fonte<\/a> : Projeto <a href=\"https:\/\/www.pedroandretta.info\/informeci\">Informe-CI<\/a><\/p>\n","protected":false},"excerpt":{"rendered":"<p>[ad_1] Por que o Princ\u00edpio dos Rebus, \u00e9 sem d\u00favida um dos mais importantes da hist\u00f3ria da humanidade? \u201cPrinc\u00edpio dos #Rebus = a ideia de que uma imagem pode representar mais do que o pr\u00f3prio objeto\u201d \ud83c\uddea\ud83c\uddf8 #Hist\u00f3riaDaEscrita #LeituraEscritaECultura via BBC https:\/\/t.co\/aTQfxlfdEC &mdash; Pedro Andretta (@pedroisandretta) November 15, 2020 [ad_2] Fonte : Projeto Informe-CI<\/p>\n","protected":false},"author":1,"featured_media":0,"comment_status":"open","ping_status":"open","sticky":false,"template":"","format":"standard","meta":{"_jetpack_memberships_contains_paid_content":false,"footnotes":"","jetpack_publicize_message":"","jetpack_publicize_feature_enabled":true,"jetpack_social_post_already_shared":true,"jetpack_social_options":{"image_generator_settings":{"template":"highway","default_image_id":0,"font":"","enabled":false},"version":2}},"categories":[21],"tags":[1619,434,1618],"class_list":["post-8045","post","type-post","status-publish","format-standard","hentry","category-informeci","tag-historiadaescrita","tag-leituraescritaecultura","tag-rebus"],"jetpack_publicize_connections":[],"jetpack_featured_media_url":"","views":"","jetpack_sharing_enabled":true,"_links":{"self":[{"href":"https:\/\/www.pedroandretta.info\/index\/wp-json\/wp\/v2\/posts\/8045","targetHints":{"allow":["GET"]}}],"collection":[{"href":"https:\/\/www.pedroandretta.info\/index\/wp-json\/wp\/v2\/posts"}],"about":[{"href":"https:\/\/www.pedroandretta.info\/index\/wp-json\/wp\/v2\/types\/post"}],"author":[{"embeddable":true,"href":"https:\/\/www.pedroandretta.info\/index\/wp-json\/wp\/v2\/users\/1"}],"replies":[{"embeddable":true,"href":"https:\/\/www.pedroandretta.info\/index\/wp-json\/wp\/v2\/comments?post=8045"}],"version-history":[{"count":0,"href":"https:\/\/www.pedroandretta.info\/index\/wp-json\/wp\/v2\/posts\/8045\/revisions"}],"wp:attachment":[{"href":"https:\/\/www.pedroandretta.info\/index\/wp-json\/wp\/v2\/media?parent=8045"}],"wp:term":[{"taxonomy":"category","embeddable":true,"href":"https:\/\/www.pedroandretta.info\/index\/wp-json\/wp\/v2\/categories?post=8045"},{"taxonomy":"post_tag","embeddable":true,"href":"https:\/\/www.pedroandretta.info\/index\/wp-json\/wp\/v2\/tags?post=8045"}],"curies":[{"name":"wp","href":"https:\/\/api.w.org\/{rel}","templated":true}]}}