{"id":8053,"date":"2020-11-15T18:57:42","date_gmt":"2020-11-15T22:57:42","guid":{"rendered":"https:\/\/www.pedroandretta.info\/index\/?p=8053"},"modified":"2020-11-15T18:57:42","modified_gmt":"2020-11-15T22:57:42","slug":"unicamp-lanca-politica-de-integridade-em-pesquisa-i-a-politicadeintegridade-da","status":"publish","type":"post","link":"https:\/\/www.pedroandretta.info\/index\/2020\/11\/unicamp-lanca-politica-de-integridade-em-pesquisa-i-a-politicadeintegridade-da\/","title":{"rendered":"Unicamp lan\u00e7a pol\u00edtica de integridade em pesquisa I \u201cA #Pol\u00edticaDeIntegridade da&#8230;"},"content":{"rendered":"<p>[ad_1]<\/p>\n<blockquote class=\"twitter-tweet\">\n<p lang=\"pt\" dir=\"ltr\">Unicamp lan\u00e7a pol\u00edtica de integridade em pesquisa I \u201cA <a target=\"_blank\" href=\"https:\/\/twitter.com\/hashtag\/Pol%C3%ADticaDeIntegridade?src=hash&amp;ref_src=twsrc%5Etfw\" rel=\"noopener noreferrer\">#Pol\u00edticaDeIntegridade<\/a> da Unicamp vai se articular com a nova pol\u00edtica de <a target=\"_blank\" href=\"https:\/\/twitter.com\/hashtag\/AcessoAberto?src=hash&amp;ref_src=twsrc%5Etfw\" rel=\"noopener noreferrer\">#AcessoAberto<\/a> \u00e0 produ\u00e7\u00e3o cient\u00edfica e intelectual, tamb\u00e9m aprovada em outubro pelo Conselho Universit\u00e1rio\u201d via Pesquisa Fapesp <a target=\"_blank\" href=\"https:\/\/t.co\/umxDwvCFdj\" rel=\"noopener noreferrer\">https:\/\/t.co\/umxDwvCFdj<\/a><\/p>\n<p>&mdash; Pedro Andretta (@pedroisandretta) <a target=\"_blank\" href=\"https:\/\/twitter.com\/pedroisandretta\/status\/1328109951022215179?ref_src=twsrc%5Etfw\" rel=\"noopener noreferrer\">November 15, 2020<\/a><\/p><\/blockquote>\n<p><script async src=\"https:\/\/platform.twitter.com\/widgets.js\" charset=\"utf-8\"><\/script><\/p>\n<p>[ad_2]<br \/>\n<br \/><a href=\"https:\/\/twitter.com\/pedroisandretta\/statuses\/1328109951022215179\">Fonte<\/a> : Projeto <a href=\"https:\/\/www.pedroandretta.info\/informeci\">Informe-CI<\/a><\/p>\n","protected":false},"excerpt":{"rendered":"<p>[ad_1] Unicamp lan\u00e7a pol\u00edtica de integridade em pesquisa I \u201cA #Pol\u00edticaDeIntegridade da Unicamp vai se articular com a nova pol\u00edtica de #AcessoAberto \u00e0 produ\u00e7\u00e3o cient\u00edfica e intelectual, tamb\u00e9m aprovada em outubro pelo Conselho Universit\u00e1rio\u201d via Pesquisa Fapesp https:\/\/t.co\/umxDwvCFdj &mdash; Pedro Andretta (@pedroisandretta) November 15, 2020 [ad_2] Fonte : Projeto Informe-CI<\/p>\n","protected":false},"author":1,"featured_media":0,"comment_status":"open","ping_status":"open","sticky":false,"template":"","format":"standard","meta":{"_jetpack_memberships_contains_paid_content":false,"footnotes":"","jetpack_publicize_message":"","jetpack_publicize_feature_enabled":true,"jetpack_social_post_already_shared":true,"jetpack_social_options":{"image_generator_settings":{"template":"highway","default_image_id":0,"font":"","enabled":false},"version":2}},"categories":[21],"tags":[320,1622],"class_list":["post-8053","post","type-post","status-publish","format-standard","hentry","category-informeci","tag-acessoaberto","tag-politicadeintegridade"],"jetpack_publicize_connections":[],"jetpack_featured_media_url":"","views":"","jetpack_sharing_enabled":true,"_links":{"self":[{"href":"https:\/\/www.pedroandretta.info\/index\/wp-json\/wp\/v2\/posts\/8053","targetHints":{"allow":["GET"]}}],"collection":[{"href":"https:\/\/www.pedroandretta.info\/index\/wp-json\/wp\/v2\/posts"}],"about":[{"href":"https:\/\/www.pedroandretta.info\/index\/wp-json\/wp\/v2\/types\/post"}],"author":[{"embeddable":true,"href":"https:\/\/www.pedroandretta.info\/index\/wp-json\/wp\/v2\/users\/1"}],"replies":[{"embeddable":true,"href":"https:\/\/www.pedroandretta.info\/index\/wp-json\/wp\/v2\/comments?post=8053"}],"version-history":[{"count":0,"href":"https:\/\/www.pedroandretta.info\/index\/wp-json\/wp\/v2\/posts\/8053\/revisions"}],"wp:attachment":[{"href":"https:\/\/www.pedroandretta.info\/index\/wp-json\/wp\/v2\/media?parent=8053"}],"wp:term":[{"taxonomy":"category","embeddable":true,"href":"https:\/\/www.pedroandretta.info\/index\/wp-json\/wp\/v2\/categories?post=8053"},{"taxonomy":"post_tag","embeddable":true,"href":"https:\/\/www.pedroandretta.info\/index\/wp-json\/wp\/v2\/tags?post=8053"}],"curies":[{"name":"wp","href":"https:\/\/api.w.org\/{rel}","templated":true}]}}