{"id":8130,"date":"2020-11-19T02:55:52","date_gmt":"2020-11-19T06:55:52","guid":{"rendered":"https:\/\/www.pedroandretta.info\/index\/?p=8130"},"modified":"2020-11-19T02:55:52","modified_gmt":"2020-11-19T06:55:52","slug":"encontros-on-line-acervos-especiais-i-excelente-evento-com-ana-paula-meneses-fr","status":"publish","type":"post","link":"https:\/\/www.pedroandretta.info\/index\/2020\/11\/encontros-on-line-acervos-especiais-i-excelente-evento-com-ana-paula-meneses-fr\/","title":{"rendered":"Encontros On-Line Acervos Especiais I Excelente evento com Ana Paula Meneses, Fr&#8230;"},"content":{"rendered":"<p>[ad_1]<br \/>\n<img data-recalc-dims=\"1\" decoding=\"async\" src=\"https:\/\/i0.wp.com\/www.pedroandretta.info\/index\/wp-content\/uploads\/2020\/11\/Encontros-On-Line-Acervos-Especiais-I-Excelente-evento-com-Ana-Paula.jpg?w=696&#038;ssl=1\"\/><\/p>\n<blockquote class=\"twitter-tweet\">\n<p lang=\"pt\" dir=\"ltr\">Encontros On-Line Acervos Especiais I Excelente evento com Ana Paula Meneses, Franciele Garces e Wellington Mar\u00e7al sobre: <a target=\"_blank\" href=\"https:\/\/twitter.com\/hashtag\/MovimentoAssociativo?src=hash&amp;ref_src=twsrc%5Etfw\" rel=\"noopener noreferrer\">#MovimentoAssociativo<\/a>  para quest\u00f5es de \u00c1frica e Afrobrasilidades,  <a target=\"_blank\" href=\"https:\/\/twitter.com\/hashtag\/AcervosNegros?src=hash&amp;ref_src=twsrc%5Etfw\" rel=\"noopener noreferrer\">#AcervosNegros<\/a> , <a target=\"_blank\" href=\"https:\/\/twitter.com\/hashtag\/Forma%C3%A7%C3%A3oDeCole%C3%A7%C3%B5es?src=hash&amp;ref_src=twsrc%5Etfw\" rel=\"noopener noreferrer\">#Forma\u00e7\u00e3oDeCole\u00e7\u00f5es<\/a> e <a target=\"_blank\" href=\"https:\/\/twitter.com\/hashtag\/Cole%C3%A7%C3%B5esEspeciais?src=hash&amp;ref_src=twsrc%5Etfw\" rel=\"noopener noreferrer\">#Cole\u00e7\u00f5esEspeciais<\/a> <a target=\"_blank\" href=\"https:\/\/twitter.com\/hashtag\/UFMG?src=hash&amp;ref_src=twsrc%5Etfw\" rel=\"noopener noreferrer\">#UFMG<\/a>    <a target=\"_blank\" href=\"https:\/\/t.co\/XG2w8GfvfQ\" rel=\"noopener noreferrer\">https:\/\/t.co\/XG2w8GfvfQ<\/a><\/p>\n<p>&mdash; Pedro Andretta (@pedroisandretta) <a target=\"_blank\" href=\"https:\/\/twitter.com\/pedroisandretta\/status\/1329317449079123968?ref_src=twsrc%5Etfw\" rel=\"noopener noreferrer\">November 19, 2020<\/a><\/p><\/blockquote>\n<p><script async src=\"https:\/\/platform.twitter.com\/widgets.js\" charset=\"utf-8\"><\/script><\/p>\n<p>[ad_2]<br \/>\n<br \/><a href=\"https:\/\/twitter.com\/pedroisandretta\/statuses\/1329317449079123968\">Fonte<\/a> : Projeto <a href=\"https:\/\/www.pedroandretta.info\/informeci\">Informe-CI<\/a><\/p>\n","protected":false},"excerpt":{"rendered":"<p>[ad_1] Encontros On-Line Acervos Especiais I Excelente evento com Ana Paula Meneses, Franciele Garces e Wellington Mar\u00e7al sobre: #MovimentoAssociativo para quest\u00f5es de \u00c1frica e Afrobrasilidades, #AcervosNegros , #Forma\u00e7\u00e3oDeCole\u00e7\u00f5es e #Cole\u00e7\u00f5esEspeciais #UFMG https:\/\/t.co\/XG2w8GfvfQ &mdash; Pedro Andretta (@pedroisandretta) November 19, 2020 [ad_2] Fonte : Projeto Informe-CI<\/p>\n","protected":false},"author":1,"featured_media":8131,"comment_status":"open","ping_status":"open","sticky":false,"template":"","format":"standard","meta":{"_jetpack_newsletter_access":"","_jetpack_dont_email_post_to_subs":false,"_jetpack_newsletter_tier_id":0,"_jetpack_memberships_contains_paywalled_content":false,"_jetpack_feature_clip_id":0,"_jetpack_memberships_contains_paid_content":false,"footnotes":"","jetpack_publicize_message":"","jetpack_publicize_feature_enabled":true,"jetpack_social_post_already_shared":true,"jetpack_social_options":{"image_generator_settings":{"template":"highway","default_image_id":0,"font":"","enabled":false},"version":2},"jetpack_post_was_ever_published":false},"categories":[21],"tags":[1634,1151,51,1102,348],"class_list":["post-8130","post","type-post","status-publish","format-standard","has-post-thumbnail","hentry","category-informeci","tag-acervosnegros","tag-colecoesespeciais","tag-formacaodecolecoes","tag-movimentoassociativo","tag-ufmg"],"jetpack_publicize_connections":[],"jetpack_featured_media_url":"https:\/\/i0.wp.com\/www.pedroandretta.info\/index\/wp-content\/uploads\/2020\/11\/Encontros-On-Line-Acervos-Especiais-I-Excelente-evento-com-Ana-Paula.jpg?fit=480%2C360&ssl=1","views":"","jetpack_sharing_enabled":true,"_links":{"self":[{"href":"https:\/\/www.pedroandretta.info\/index\/wp-json\/wp\/v2\/posts\/8130","targetHints":{"allow":["GET"]}}],"collection":[{"href":"https:\/\/www.pedroandretta.info\/index\/wp-json\/wp\/v2\/posts"}],"about":[{"href":"https:\/\/www.pedroandretta.info\/index\/wp-json\/wp\/v2\/types\/post"}],"author":[{"embeddable":true,"href":"https:\/\/www.pedroandretta.info\/index\/wp-json\/wp\/v2\/users\/1"}],"replies":[{"embeddable":true,"href":"https:\/\/www.pedroandretta.info\/index\/wp-json\/wp\/v2\/comments?post=8130"}],"version-history":[{"count":0,"href":"https:\/\/www.pedroandretta.info\/index\/wp-json\/wp\/v2\/posts\/8130\/revisions"}],"wp:featuredmedia":[{"embeddable":true,"href":"https:\/\/www.pedroandretta.info\/index\/wp-json\/wp\/v2\/media\/8131"}],"wp:attachment":[{"href":"https:\/\/www.pedroandretta.info\/index\/wp-json\/wp\/v2\/media?parent=8130"}],"wp:term":[{"taxonomy":"category","embeddable":true,"href":"https:\/\/www.pedroandretta.info\/index\/wp-json\/wp\/v2\/categories?post=8130"},{"taxonomy":"post_tag","embeddable":true,"href":"https:\/\/www.pedroandretta.info\/index\/wp-json\/wp\/v2\/tags?post=8130"}],"curies":[{"name":"wp","href":"https:\/\/api.w.org\/{rel}","templated":true}]}}