{"id":8327,"date":"2020-12-04T18:48:32","date_gmt":"2020-12-04T22:48:32","guid":{"rendered":"https:\/\/www.pedroandretta.info\/index\/?p=8327"},"modified":"2020-12-04T18:48:32","modified_gmt":"2020-12-04T22:48:32","slug":"diversidade-equidade-e-inclusao-l-publicacao-da-association-of-research-librari","status":"publish","type":"post","link":"https:\/\/www.pedroandretta.info\/index\/2020\/12\/diversidade-equidade-e-inclusao-l-publicacao-da-association-of-research-librari\/","title":{"rendered":"Diversidade, equidade e inclus\u00e3o l Publica\u00e7\u00e3o da Association of Research Librari&#8230;"},"content":{"rendered":"<p>[ad_1]<\/p>\n<blockquote class=\"twitter-tweet\">\n<p lang=\"pt\" dir=\"ltr\">Diversidade, equidade e inclus\u00e3o l Publica\u00e7\u00e3o da Association of Research Libraries sobre <a target=\"_blank\" href=\"https:\/\/twitter.com\/hashtag\/BibliotecasUniversit%C3%A1rias?src=hash&amp;ref_src=twsrc%5Etfw\" rel=\"noopener noreferrer\">#BibliotecasUniversit\u00e1rias<\/a> <a target=\"_blank\" href=\"https:\/\/twitter.com\/hashtag\/SucessoAcad%C3%AAmico?src=hash&amp;ref_src=twsrc%5Etfw\" rel=\"noopener noreferrer\">#SucessoAcad\u00eamico<\/a> <a target=\"_blank\" href=\"https:\/\/twitter.com\/hashtag\/Projetos?src=hash&amp;ref_src=twsrc%5Etfw\" rel=\"noopener noreferrer\">#Projetos<\/a> <a target=\"_blank\" href=\"https:\/\/twitter.com\/hashtag\/Diversidade?src=hash&amp;ref_src=twsrc%5Etfw\" rel=\"noopener noreferrer\">#Diversidade<\/a> <a target=\"_blank\" href=\"https:\/\/twitter.com\/hashtag\/Equidade?src=hash&amp;ref_src=twsrc%5Etfw\" rel=\"noopener noreferrer\">#Equidade<\/a>  <a target=\"_blank\" href=\"https:\/\/twitter.com\/hashtag\/Inclus%C3%A3o?src=hash&amp;ref_src=twsrc%5Etfw\" rel=\"noopener noreferrer\">#Inclus\u00e3o<\/a> <a target=\"_blank\" href=\"https:\/\/twitter.com\/hashtag\/Pandemia?src=hash&amp;ref_src=twsrc%5Etfw\" rel=\"noopener noreferrer\">#Pandemia<\/a>  <a target=\"_blank\" href=\"https:\/\/t.co\/QDXeEaUyy9\" rel=\"noopener noreferrer\">https:\/\/t.co\/QDXeEaUyy9<\/a> <a target=\"_blank\" href=\"https:\/\/t.co\/7DTCyCscBP\" rel=\"noopener noreferrer\">pic.twitter.com\/7DTCyCscBP<\/a><\/p>\n<p>&mdash; Pedro Andretta (@pedroisandretta) <a target=\"_blank\" href=\"https:\/\/twitter.com\/pedroisandretta\/status\/1334993016705212416?ref_src=twsrc%5Etfw\" rel=\"noopener noreferrer\">December 4, 2020<\/a><\/p><\/blockquote>\n<p><script async src=\"https:\/\/platform.twitter.com\/widgets.js\" charset=\"utf-8\"><\/script><\/p>\n<p>[ad_2]<br \/>\n<br \/><a href=\"https:\/\/twitter.com\/pedroisandretta\/statuses\/1334993016705212416\">Fonte<\/a> : Projeto <a href=\"https:\/\/www.pedroandretta.info\/informeci\">Informe-CI<\/a><\/p>\n","protected":false},"excerpt":{"rendered":"<p>[ad_1] Diversidade, equidade e inclus\u00e3o l Publica\u00e7\u00e3o da Association of Research Libraries sobre #BibliotecasUniversit\u00e1rias #SucessoAcad\u00eamico #Projetos #Diversidade #Equidade #Inclus\u00e3o #Pandemia https:\/\/t.co\/QDXeEaUyy9 pic.twitter.com\/7DTCyCscBP &mdash; Pedro Andretta (@pedroisandretta) December 4, 2020 [ad_2] Fonte : Projeto Informe-CI<\/p>\n","protected":false},"author":1,"featured_media":8328,"comment_status":"open","ping_status":"open","sticky":false,"template":"","format":"standard","meta":{"_jetpack_memberships_contains_paid_content":false,"footnotes":"","jetpack_publicize_message":"","jetpack_publicize_feature_enabled":true,"jetpack_social_post_already_shared":true,"jetpack_social_options":{"image_generator_settings":{"template":"highway","default_image_id":0,"font":"","enabled":false},"version":2}},"categories":[21],"tags":[114,304,1013,850,629,433,1690],"class_list":["post-8327","post","type-post","status-publish","format-standard","has-post-thumbnail","hentry","category-informeci","tag-bibliotecasuniversitarias","tag-diversidade","tag-equidade","tag-inclusao","tag-pandemia","tag-projetos","tag-sucessoacademico"],"jetpack_publicize_connections":[],"jetpack_featured_media_url":"https:\/\/i0.wp.com\/www.pedroandretta.info\/index\/wp-content\/uploads\/2020\/12\/Diversidade-equidade-e-inclusao-l-Publicacao-da-Association-of-Research.jpg?fit=610%2C790&ssl=1","views":"","jetpack_sharing_enabled":true,"_links":{"self":[{"href":"https:\/\/www.pedroandretta.info\/index\/wp-json\/wp\/v2\/posts\/8327","targetHints":{"allow":["GET"]}}],"collection":[{"href":"https:\/\/www.pedroandretta.info\/index\/wp-json\/wp\/v2\/posts"}],"about":[{"href":"https:\/\/www.pedroandretta.info\/index\/wp-json\/wp\/v2\/types\/post"}],"author":[{"embeddable":true,"href":"https:\/\/www.pedroandretta.info\/index\/wp-json\/wp\/v2\/users\/1"}],"replies":[{"embeddable":true,"href":"https:\/\/www.pedroandretta.info\/index\/wp-json\/wp\/v2\/comments?post=8327"}],"version-history":[{"count":0,"href":"https:\/\/www.pedroandretta.info\/index\/wp-json\/wp\/v2\/posts\/8327\/revisions"}],"wp:featuredmedia":[{"embeddable":true,"href":"https:\/\/www.pedroandretta.info\/index\/wp-json\/wp\/v2\/media\/8328"}],"wp:attachment":[{"href":"https:\/\/www.pedroandretta.info\/index\/wp-json\/wp\/v2\/media?parent=8327"}],"wp:term":[{"taxonomy":"category","embeddable":true,"href":"https:\/\/www.pedroandretta.info\/index\/wp-json\/wp\/v2\/categories?post=8327"},{"taxonomy":"post_tag","embeddable":true,"href":"https:\/\/www.pedroandretta.info\/index\/wp-json\/wp\/v2\/tags?post=8327"}],"curies":[{"name":"wp","href":"https:\/\/api.w.org\/{rel}","templated":true}]}}