{"id":8369,"date":"2020-12-08T14:30:16","date_gmt":"2020-12-08T18:30:16","guid":{"rendered":"https:\/\/www.pedroandretta.info\/index\/?p=8369"},"modified":"2020-12-08T14:30:16","modified_gmt":"2020-12-08T18:30:16","slug":"mec-muda-para-marco-retorno-das-aulas-presenciais-nas-federais-o-ministerio-d","status":"publish","type":"post","link":"https:\/\/www.pedroandretta.info\/index\/2020\/12\/mec-muda-para-marco-retorno-das-aulas-presenciais-nas-federais-o-ministerio-d\/","title":{"rendered":"MEC muda para mar\u00e7o retorno das aulas presenciais nas federais | \u201cO Minist\u00e9rio d&#8230;"},"content":{"rendered":"<p>[ad_1]<\/p>\n<blockquote class=\"twitter-tweet\">\n<p lang=\"pt\" dir=\"ltr\">MEC muda para mar\u00e7o retorno das aulas presenciais nas federais | \u201cO Minist\u00e9rio da Educa\u00e7\u00e3o (MEC) mudou, de 4 de janeiro para 1\u00ba de mar\u00e7o, o in\u00edcio das aulas presenciais nas institui\u00e7\u00f5es federais de ensino superior.\u201d <a target=\"_blank\" href=\"https:\/\/twitter.com\/hashtag\/EnsinoSuperior?src=hash&amp;ref_src=twsrc%5Etfw\" rel=\"noopener noreferrer\">#EnsinoSuperior<\/a>  \ud83d\ude44 via Exame <a target=\"_blank\" href=\"https:\/\/t.co\/gP93BnzsJT\" rel=\"noopener noreferrer\">https:\/\/t.co\/gP93BnzsJT<\/a><\/p>\n<p>&mdash; Pedro Andretta (@pedroisandretta) <a target=\"_blank\" href=\"https:\/\/twitter.com\/pedroisandretta\/status\/1336377572159074306?ref_src=twsrc%5Etfw\" rel=\"noopener noreferrer\">December 8, 2020<\/a><\/p><\/blockquote>\n<p><script async src=\"https:\/\/platform.twitter.com\/widgets.js\" charset=\"utf-8\"><\/script><\/p>\n<p>[ad_2]<br \/>\n<br \/><a href=\"https:\/\/twitter.com\/pedroisandretta\/statuses\/1336377572159074306\">Fonte<\/a> : Projeto <a href=\"https:\/\/www.pedroandretta.info\/informeci\">Informe-CI<\/a><\/p>\n","protected":false},"excerpt":{"rendered":"<p>[ad_1] MEC muda para mar\u00e7o retorno das aulas presenciais nas federais | \u201cO Minist\u00e9rio da Educa\u00e7\u00e3o (MEC) mudou, de 4 de janeiro para 1\u00ba de mar\u00e7o, o in\u00edcio das aulas presenciais nas institui\u00e7\u00f5es federais de ensino superior.\u201d #EnsinoSuperior \ud83d\ude44 via Exame https:\/\/t.co\/gP93BnzsJT &mdash; Pedro Andretta (@pedroisandretta) December 8, 2020 [ad_2] Fonte : Projeto Informe-CI<\/p>\n","protected":false},"author":1,"featured_media":0,"comment_status":"open","ping_status":"open","sticky":false,"template":"","format":"standard","meta":{"_jetpack_memberships_contains_paid_content":false,"footnotes":"","jetpack_publicize_message":"","jetpack_publicize_feature_enabled":true,"jetpack_social_post_already_shared":true,"jetpack_social_options":{"image_generator_settings":{"template":"highway","default_image_id":0,"font":"","enabled":false},"version":2}},"categories":[21],"tags":[888],"class_list":["post-8369","post","type-post","status-publish","format-standard","hentry","category-informeci","tag-ensinosuperior"],"jetpack_publicize_connections":[],"jetpack_featured_media_url":"","views":"","jetpack_sharing_enabled":true,"_links":{"self":[{"href":"https:\/\/www.pedroandretta.info\/index\/wp-json\/wp\/v2\/posts\/8369","targetHints":{"allow":["GET"]}}],"collection":[{"href":"https:\/\/www.pedroandretta.info\/index\/wp-json\/wp\/v2\/posts"}],"about":[{"href":"https:\/\/www.pedroandretta.info\/index\/wp-json\/wp\/v2\/types\/post"}],"author":[{"embeddable":true,"href":"https:\/\/www.pedroandretta.info\/index\/wp-json\/wp\/v2\/users\/1"}],"replies":[{"embeddable":true,"href":"https:\/\/www.pedroandretta.info\/index\/wp-json\/wp\/v2\/comments?post=8369"}],"version-history":[{"count":0,"href":"https:\/\/www.pedroandretta.info\/index\/wp-json\/wp\/v2\/posts\/8369\/revisions"}],"wp:attachment":[{"href":"https:\/\/www.pedroandretta.info\/index\/wp-json\/wp\/v2\/media?parent=8369"}],"wp:term":[{"taxonomy":"category","embeddable":true,"href":"https:\/\/www.pedroandretta.info\/index\/wp-json\/wp\/v2\/categories?post=8369"},{"taxonomy":"post_tag","embeddable":true,"href":"https:\/\/www.pedroandretta.info\/index\/wp-json\/wp\/v2\/tags?post=8369"}],"curies":[{"name":"wp","href":"https:\/\/api.w.org\/{rel}","templated":true}]}}