{"id":8372,"date":"2020-12-08T16:18:52","date_gmt":"2020-12-08T20:18:52","guid":{"rendered":"https:\/\/www.pedroandretta.info\/index\/?p=8372"},"modified":"2020-12-08T16:18:52","modified_gmt":"2020-12-08T20:18:52","slug":"conheca-8-livros-infantis-que-promovem-a-inclusao-l-confira-a-lista-com-oito-liv","status":"publish","type":"post","link":"https:\/\/www.pedroandretta.info\/index\/2020\/12\/conheca-8-livros-infantis-que-promovem-a-inclusao-l-confira-a-lista-com-oito-liv\/","title":{"rendered":"Conhe\u00e7a 8 livros infantis que promovem a inclus\u00e3o l Confira a lista com oito liv&#8230;"},"content":{"rendered":"<p>[ad_1]<br \/>\n<img data-recalc-dims=\"1\" decoding=\"async\" src=\"https:\/\/i0.wp.com\/www.pedroandretta.info\/index\/wp-content\/uploads\/2020\/12\/Conheca-8-livros-infantis-que-promovem-a-inclusao-l-Confira.jpg?w=696&#038;ssl=1\"\/><\/p>\n<blockquote class=\"twitter-tweet\">\n<p lang=\"pt\" dir=\"ltr\">Conhe\u00e7a 8 livros infantis que promovem a inclus\u00e3o l Confira a lista com oito livros infantis que v\u00e3o ajudar voc\u00ea a iniciar esse debate com os pequenos. <a target=\"_blank\" href=\"https:\/\/twitter.com\/hashtag\/Inclus%C3%A3o?src=hash&amp;ref_src=twsrc%5Etfw\" rel=\"noopener noreferrer\">#Inclus\u00e3o<\/a> <a target=\"_blank\" href=\"https:\/\/twitter.com\/hashtag\/PcD?src=hash&amp;ref_src=twsrc%5Etfw\" rel=\"noopener noreferrer\">#PcD<\/a> <a target=\"_blank\" href=\"https:\/\/twitter.com\/hashtag\/LiteraturaInfantil?src=hash&amp;ref_src=twsrc%5Etfw\" rel=\"noopener noreferrer\">#LiteraturaInfantil<\/a> <a target=\"_blank\" href=\"https:\/\/twitter.com\/hashtag\/LitetaturaInfantoJuvenil?src=hash&amp;ref_src=twsrc%5Etfw\" rel=\"noopener noreferrer\">#LitetaturaInfantoJuvenil<\/a>  <a target=\"_blank\" href=\"https:\/\/twitter.com\/hashtag\/ListasDeLivros?src=hash&amp;ref_src=twsrc%5Etfw\" rel=\"noopener noreferrer\">#ListasDeLivros<\/a> via Estante Virtual <a target=\"_blank\" href=\"https:\/\/t.co\/b2zo3ugqHD\" rel=\"noopener noreferrer\">https:\/\/t.co\/b2zo3ugqHD<\/a><\/p>\n<p>&mdash; Pedro Andretta (@pedroisandretta) <a target=\"_blank\" href=\"https:\/\/twitter.com\/pedroisandretta\/status\/1336404901673504770?ref_src=twsrc%5Etfw\" rel=\"noopener noreferrer\">December 8, 2020<\/a><\/p><\/blockquote>\n<p><script async src=\"https:\/\/platform.twitter.com\/widgets.js\" charset=\"utf-8\"><\/script><\/p>\n<p>[ad_2]<br \/>\n<br \/><a href=\"https:\/\/twitter.com\/pedroisandretta\/statuses\/1336404901673504770\">Fonte<\/a> : Projeto <a href=\"https:\/\/www.pedroandretta.info\/informeci\">Informe-CI<\/a><\/p>\n","protected":false},"excerpt":{"rendered":"<p>[ad_1] Conhe\u00e7a 8 livros infantis que promovem a inclus\u00e3o l Confira a lista com oito livros infantis que v\u00e3o ajudar voc\u00ea a iniciar esse debate com os pequenos. #Inclus\u00e3o #PcD #LiteraturaInfantil #LitetaturaInfantoJuvenil #ListasDeLivros via Estante Virtual https:\/\/t.co\/b2zo3ugqHD &mdash; Pedro Andretta (@pedroisandretta) December 8, 2020 [ad_2] Fonte : Projeto Informe-CI<\/p>\n","protected":false},"author":1,"featured_media":8373,"comment_status":"open","ping_status":"open","sticky":false,"template":"","format":"standard","meta":{"_jetpack_memberships_contains_paid_content":false,"footnotes":"","jetpack_publicize_message":"","jetpack_publicize_feature_enabled":true,"jetpack_social_post_already_shared":true,"jetpack_social_options":{"image_generator_settings":{"template":"highway","default_image_id":0,"font":"","enabled":false},"version":2}},"categories":[21],"tags":[850,537,827,472,102],"class_list":["post-8372","post","type-post","status-publish","format-standard","has-post-thumbnail","hentry","category-informeci","tag-inclusao","tag-listasdelivros","tag-literaturainfantil","tag-literaturainfantojuvenil","tag-pessoascomdeficiencia"],"jetpack_publicize_connections":[],"jetpack_featured_media_url":"https:\/\/i0.wp.com\/www.pedroandretta.info\/index\/wp-content\/uploads\/2020\/12\/Conheca-8-livros-infantis-que-promovem-a-inclusao-l-Confira.jpg?fit=800%2C450&ssl=1","views":"","jetpack_sharing_enabled":true,"_links":{"self":[{"href":"https:\/\/www.pedroandretta.info\/index\/wp-json\/wp\/v2\/posts\/8372","targetHints":{"allow":["GET"]}}],"collection":[{"href":"https:\/\/www.pedroandretta.info\/index\/wp-json\/wp\/v2\/posts"}],"about":[{"href":"https:\/\/www.pedroandretta.info\/index\/wp-json\/wp\/v2\/types\/post"}],"author":[{"embeddable":true,"href":"https:\/\/www.pedroandretta.info\/index\/wp-json\/wp\/v2\/users\/1"}],"replies":[{"embeddable":true,"href":"https:\/\/www.pedroandretta.info\/index\/wp-json\/wp\/v2\/comments?post=8372"}],"version-history":[{"count":0,"href":"https:\/\/www.pedroandretta.info\/index\/wp-json\/wp\/v2\/posts\/8372\/revisions"}],"wp:featuredmedia":[{"embeddable":true,"href":"https:\/\/www.pedroandretta.info\/index\/wp-json\/wp\/v2\/media\/8373"}],"wp:attachment":[{"href":"https:\/\/www.pedroandretta.info\/index\/wp-json\/wp\/v2\/media?parent=8372"}],"wp:term":[{"taxonomy":"category","embeddable":true,"href":"https:\/\/www.pedroandretta.info\/index\/wp-json\/wp\/v2\/categories?post=8372"},{"taxonomy":"post_tag","embeddable":true,"href":"https:\/\/www.pedroandretta.info\/index\/wp-json\/wp\/v2\/tags?post=8372"}],"curies":[{"name":"wp","href":"https:\/\/api.w.org\/{rel}","templated":true}]}}