{"id":8401,"date":"2020-12-10T17:36:27","date_gmt":"2020-12-10T21:36:27","guid":{"rendered":"https:\/\/www.pedroandretta.info\/index\/?p=8401"},"modified":"2020-12-10T17:36:27","modified_gmt":"2020-12-10T21:36:27","slug":"biblioteca-publica-util-socialmente-ou-biblioteca-publica-missao-ou-mise-em","status":"publish","type":"post","link":"https:\/\/www.pedroandretta.info\/index\/2020\/12\/biblioteca-publica-util-socialmente-ou-biblioteca-publica-missao-ou-mise-em\/","title":{"rendered":"Biblioteca P\u00fablica: \u00fatil socialmente? Ou Biblioteca P\u00fablica: Miss\u00e3o ou \u201cMise em &#8230;"},"content":{"rendered":"<p>[ad_1]<\/p>\n<blockquote class=\"twitter-tweet\">\n<p lang=\"pt\" dir=\"ltr\">Biblioteca P\u00fablica: \u00fatil socialmente? Ou Biblioteca P\u00fablica: Miss\u00e3o ou \u201cMise em sc\u00e8ne\u201d? l Publicado originalmente por Oswaldo Francisco de Almeida Junior em \u201cSociedade e Biblioteconomia\u201d (1997)  <a target=\"_blank\" href=\"https:\/\/twitter.com\/hashtag\/BibliotecasP%C3%BAblicas?src=hash&amp;ref_src=twsrc%5Etfw\" rel=\"noopener noreferrer\">#BibliotecasP\u00fablicas<\/a> via \u2066<a target=\"_blank\" href=\"https:\/\/twitter.com\/OFAJ?ref_src=twsrc%5Etfw\" rel=\"noopener noreferrer\">@OFAJ<\/a>\u2069 InfoHome <a target=\"_blank\" href=\"https:\/\/t.co\/DYUrf8KXLu\" rel=\"noopener noreferrer\">https:\/\/t.co\/DYUrf8KXLu<\/a><\/p>\n<p>&mdash; Pedro Andretta (@pedroisandretta) <a target=\"_blank\" href=\"https:\/\/twitter.com\/pedroisandretta\/status\/1337149200904163334?ref_src=twsrc%5Etfw\" rel=\"noopener noreferrer\">December 10, 2020<\/a><\/p><\/blockquote>\n<p><script async src=\"https:\/\/platform.twitter.com\/widgets.js\" charset=\"utf-8\"><\/script><\/p>\n<p>[ad_2]<br \/>\n<br \/><a href=\"https:\/\/twitter.com\/pedroisandretta\/statuses\/1337149200904163334\">Fonte<\/a> : Projeto <a href=\"https:\/\/www.pedroandretta.info\/informeci\">Informe-CI<\/a><\/p>\n","protected":false},"excerpt":{"rendered":"<p>[ad_1] Biblioteca P\u00fablica: \u00fatil socialmente? Ou Biblioteca P\u00fablica: Miss\u00e3o ou \u201cMise em sc\u00e8ne\u201d? l Publicado originalmente por Oswaldo Francisco de Almeida Junior em \u201cSociedade e Biblioteconomia\u201d (1997) #BibliotecasP\u00fablicas via \u2066@OFAJ\u2069 InfoHome https:\/\/t.co\/DYUrf8KXLu &mdash; Pedro Andretta (@pedroisandretta) December 10, 2020 [ad_2] Fonte : Projeto Informe-CI<\/p>\n","protected":false},"author":1,"featured_media":0,"comment_status":"open","ping_status":"open","sticky":false,"template":"","format":"standard","meta":{"_jetpack_memberships_contains_paid_content":false,"footnotes":"","jetpack_publicize_message":"","jetpack_publicize_feature_enabled":true,"jetpack_social_post_already_shared":true,"jetpack_social_options":{"image_generator_settings":{"template":"highway","default_image_id":0,"font":"","enabled":false},"version":2}},"categories":[21],"tags":[39],"class_list":["post-8401","post","type-post","status-publish","format-standard","hentry","category-informeci","tag-bibliotecaspublicas"],"jetpack_publicize_connections":[],"jetpack_featured_media_url":"","views":"","jetpack_sharing_enabled":true,"_links":{"self":[{"href":"https:\/\/www.pedroandretta.info\/index\/wp-json\/wp\/v2\/posts\/8401","targetHints":{"allow":["GET"]}}],"collection":[{"href":"https:\/\/www.pedroandretta.info\/index\/wp-json\/wp\/v2\/posts"}],"about":[{"href":"https:\/\/www.pedroandretta.info\/index\/wp-json\/wp\/v2\/types\/post"}],"author":[{"embeddable":true,"href":"https:\/\/www.pedroandretta.info\/index\/wp-json\/wp\/v2\/users\/1"}],"replies":[{"embeddable":true,"href":"https:\/\/www.pedroandretta.info\/index\/wp-json\/wp\/v2\/comments?post=8401"}],"version-history":[{"count":0,"href":"https:\/\/www.pedroandretta.info\/index\/wp-json\/wp\/v2\/posts\/8401\/revisions"}],"wp:attachment":[{"href":"https:\/\/www.pedroandretta.info\/index\/wp-json\/wp\/v2\/media?parent=8401"}],"wp:term":[{"taxonomy":"category","embeddable":true,"href":"https:\/\/www.pedroandretta.info\/index\/wp-json\/wp\/v2\/categories?post=8401"},{"taxonomy":"post_tag","embeddable":true,"href":"https:\/\/www.pedroandretta.info\/index\/wp-json\/wp\/v2\/tags?post=8401"}],"curies":[{"name":"wp","href":"https:\/\/api.w.org\/{rel}","templated":true}]}}