{"id":8443,"date":"2020-12-13T16:04:42","date_gmt":"2020-12-13T20:04:42","guid":{"rendered":"https:\/\/www.pedroandretta.info\/index\/?p=8443"},"modified":"2020-12-13T16:04:42","modified_gmt":"2020-12-13T20:04:42","slug":"regulamentacao-do-novo-fundeb-tira-verba-da-educacao-publica-e-permite-destina","status":"publish","type":"post","link":"https:\/\/www.pedroandretta.info\/index\/2020\/12\/regulamentacao-do-novo-fundeb-tira-verba-da-educacao-publica-e-permite-destina\/","title":{"rendered":"Regulamenta\u00e7\u00e3o do novo Fundeb \u201ctira\u201d verba da educa\u00e7\u00e3o p\u00fablica e permite destina&#8230;"},"content":{"rendered":"<p>[ad_1]<br \/>\n<img data-recalc-dims=\"1\" decoding=\"async\" src=\"https:\/\/i0.wp.com\/www.pedroandretta.info\/index\/wp-content\/uploads\/2020\/12\/Regulamentacao-do-novo-Fundeb-tira-verba-da-educacao-publica-e.jpg?w=696&#038;ssl=1\"\/><\/p>\n<blockquote class=\"twitter-tweet\">\n<p lang=\"pt\" dir=\"ltr\">Regulamenta\u00e7\u00e3o do novo Fundeb \u201ctira\u201d verba da educa\u00e7\u00e3o p\u00fablica e permite destinar recursos ao setor privado l \u201cO que se ganhou com o Fundeb constitucional se perde agora com a regulamenta\u00e7\u00e3o\u201d, pontua Maria Thereza Marc\u00edlio.\u201d <a target=\"_blank\" href=\"https:\/\/twitter.com\/hashtag\/Fundeb?src=hash&amp;ref_src=twsrc%5Etfw\" rel=\"noopener noreferrer\">#Fundeb<\/a>  Via EI <a target=\"_blank\" href=\"https:\/\/t.co\/XgbCwycAGy\" rel=\"noopener noreferrer\">https:\/\/t.co\/XgbCwycAGy<\/a><\/p>\n<p>&mdash; Pedro Andretta (@pedroisandretta) <a target=\"_blank\" href=\"https:\/\/twitter.com\/pedroisandretta\/status\/1338213275872464901?ref_src=twsrc%5Etfw\" rel=\"noopener noreferrer\">December 13, 2020<\/a><\/p><\/blockquote>\n<p><script async src=\"https:\/\/platform.twitter.com\/widgets.js\" charset=\"utf-8\"><\/script><\/p>\n<p>[ad_2]<br \/>\n<br \/><a href=\"https:\/\/twitter.com\/pedroisandretta\/statuses\/1338213275872464901\">Fonte<\/a> : Projeto <a href=\"https:\/\/www.pedroandretta.info\/informeci\">Informe-CI<\/a><\/p>\n","protected":false},"excerpt":{"rendered":"<p>[ad_1] Regulamenta\u00e7\u00e3o do novo Fundeb \u201ctira\u201d verba da educa\u00e7\u00e3o p\u00fablica e permite destinar recursos ao setor privado l \u201cO que se ganhou com o Fundeb constitucional se perde agora com a regulamenta\u00e7\u00e3o\u201d, pontua Maria Thereza Marc\u00edlio.\u201d #Fundeb Via EI https:\/\/t.co\/XgbCwycAGy &mdash; Pedro Andretta (@pedroisandretta) December 13, 2020 [ad_2] Fonte : Projeto Informe-CI<\/p>\n","protected":false},"author":1,"featured_media":8444,"comment_status":"open","ping_status":"open","sticky":false,"template":"","format":"standard","meta":{"_jetpack_memberships_contains_paid_content":false,"footnotes":"","jetpack_publicize_message":"","jetpack_publicize_feature_enabled":true,"jetpack_social_post_already_shared":true,"jetpack_social_options":{"image_generator_settings":{"template":"highway","default_image_id":0,"font":"","enabled":false},"version":2}},"categories":[21],"tags":[1168],"class_list":["post-8443","post","type-post","status-publish","format-standard","has-post-thumbnail","hentry","category-informeci","tag-fundeb"],"jetpack_publicize_connections":[],"jetpack_featured_media_url":"https:\/\/i0.wp.com\/www.pedroandretta.info\/index\/wp-content\/uploads\/2020\/12\/Regulamentacao-do-novo-Fundeb-tira-verba-da-educacao-publica-e.jpg?fit=860%2C570&ssl=1","views":"","jetpack_sharing_enabled":true,"_links":{"self":[{"href":"https:\/\/www.pedroandretta.info\/index\/wp-json\/wp\/v2\/posts\/8443","targetHints":{"allow":["GET"]}}],"collection":[{"href":"https:\/\/www.pedroandretta.info\/index\/wp-json\/wp\/v2\/posts"}],"about":[{"href":"https:\/\/www.pedroandretta.info\/index\/wp-json\/wp\/v2\/types\/post"}],"author":[{"embeddable":true,"href":"https:\/\/www.pedroandretta.info\/index\/wp-json\/wp\/v2\/users\/1"}],"replies":[{"embeddable":true,"href":"https:\/\/www.pedroandretta.info\/index\/wp-json\/wp\/v2\/comments?post=8443"}],"version-history":[{"count":0,"href":"https:\/\/www.pedroandretta.info\/index\/wp-json\/wp\/v2\/posts\/8443\/revisions"}],"wp:featuredmedia":[{"embeddable":true,"href":"https:\/\/www.pedroandretta.info\/index\/wp-json\/wp\/v2\/media\/8444"}],"wp:attachment":[{"href":"https:\/\/www.pedroandretta.info\/index\/wp-json\/wp\/v2\/media?parent=8443"}],"wp:term":[{"taxonomy":"category","embeddable":true,"href":"https:\/\/www.pedroandretta.info\/index\/wp-json\/wp\/v2\/categories?post=8443"},{"taxonomy":"post_tag","embeddable":true,"href":"https:\/\/www.pedroandretta.info\/index\/wp-json\/wp\/v2\/tags?post=8443"}],"curies":[{"name":"wp","href":"https:\/\/api.w.org\/{rel}","templated":true}]}}