{"id":8478,"date":"2020-12-15T21:29:33","date_gmt":"2020-12-16T01:29:33","guid":{"rendered":"https:\/\/www.pedroandretta.info\/index\/?p=8478"},"modified":"2020-12-15T21:29:33","modified_gmt":"2020-12-16T01:29:33","slug":"a-atuacao-doa-bibliotecarioa-fora-da-biblioteca-por-valeria-valls-lsegue-o","status":"publish","type":"post","link":"https:\/\/www.pedroandretta.info\/index\/2020\/12\/a-atuacao-doa-bibliotecarioa-fora-da-biblioteca-por-valeria-valls-lsegue-o\/","title":{"rendered":"A atua\u00e7\u00e3o do(a) bibliotec\u00e1rio(a) fora da biblioteca, por Val\u00e9ria Valls lSegue o &#8230;"},"content":{"rendered":"<p>[ad_1]<\/p>\n<blockquote class=\"twitter-tweet\">\n<p lang=\"pt\" dir=\"ltr\">A atua\u00e7\u00e3o do(a) bibliotec\u00e1rio(a) fora da biblioteca, por Val\u00e9ria Valls lSegue o panorama com a indica\u00e7\u00e3o de v\u00e1rios colegas que est\u00e3o fazendo a diferen\u00e7a em \u00e1reas contempor\u00e2neas e interessantes! <a target=\"_blank\" href=\"https:\/\/twitter.com\/hashtag\/Bibliotec%C3%A1rios?src=hash&amp;ref_src=twsrc%5Etfw\" rel=\"noopener noreferrer\">#Bibliotec\u00e1rios<\/a> <a target=\"_blank\" href=\"https:\/\/twitter.com\/hashtag\/Atua%C3%A7%C3%A3oProfissional?src=hash&amp;ref_src=twsrc%5Etfw\" rel=\"noopener noreferrer\">#Atua\u00e7\u00e3oProfissional<\/a> via Monitoria Cient\u00edfica  <a target=\"_blank\" href=\"https:\/\/t.co\/HVvpA1DhZ0\" rel=\"noopener noreferrer\">https:\/\/t.co\/HVvpA1DhZ0<\/a><\/p>\n<p>&mdash; Pedro Andretta (@pedroisandretta) <a target=\"_blank\" href=\"https:\/\/twitter.com\/pedroisandretta\/status\/1339019804276088833?ref_src=twsrc%5Etfw\" rel=\"noopener noreferrer\">December 16, 2020<\/a><\/p><\/blockquote>\n<p><script async src=\"https:\/\/platform.twitter.com\/widgets.js\" charset=\"utf-8\"><\/script><\/p>\n<p>[ad_2]<br \/>\n<br \/><a href=\"https:\/\/twitter.com\/pedroisandretta\/statuses\/1339019804276088833\">Fonte<\/a> : Projeto <a href=\"https:\/\/www.pedroandretta.info\/informeci\">Informe-CI<\/a><\/p>\n","protected":false},"excerpt":{"rendered":"<p>[ad_1] A atua\u00e7\u00e3o do(a) bibliotec\u00e1rio(a) fora da biblioteca, por Val\u00e9ria Valls lSegue o panorama com a indica\u00e7\u00e3o de v\u00e1rios colegas que est\u00e3o fazendo a diferen\u00e7a em \u00e1reas contempor\u00e2neas e interessantes! #Bibliotec\u00e1rios #Atua\u00e7\u00e3oProfissional via Monitoria Cient\u00edfica https:\/\/t.co\/HVvpA1DhZ0 &mdash; Pedro Andretta (@pedroisandretta) December 16, 2020 [ad_2] Fonte : Projeto Informe-CI<\/p>\n","protected":false},"author":1,"featured_media":0,"comment_status":"open","ping_status":"open","sticky":false,"template":"","format":"standard","meta":{"_jetpack_memberships_contains_paid_content":false,"footnotes":"","jetpack_publicize_message":"","jetpack_publicize_feature_enabled":true,"jetpack_social_post_already_shared":true,"jetpack_social_options":{"image_generator_settings":{"template":"highway","default_image_id":0,"font":"","enabled":false},"version":2}},"categories":[21],"tags":[1702,22],"class_list":["post-8478","post","type-post","status-publish","format-standard","hentry","category-informeci","tag-atuacaoprofissional","tag-bibliotecarios"],"jetpack_publicize_connections":[],"jetpack_featured_media_url":"","views":"","jetpack_sharing_enabled":true,"_links":{"self":[{"href":"https:\/\/www.pedroandretta.info\/index\/wp-json\/wp\/v2\/posts\/8478","targetHints":{"allow":["GET"]}}],"collection":[{"href":"https:\/\/www.pedroandretta.info\/index\/wp-json\/wp\/v2\/posts"}],"about":[{"href":"https:\/\/www.pedroandretta.info\/index\/wp-json\/wp\/v2\/types\/post"}],"author":[{"embeddable":true,"href":"https:\/\/www.pedroandretta.info\/index\/wp-json\/wp\/v2\/users\/1"}],"replies":[{"embeddable":true,"href":"https:\/\/www.pedroandretta.info\/index\/wp-json\/wp\/v2\/comments?post=8478"}],"version-history":[{"count":0,"href":"https:\/\/www.pedroandretta.info\/index\/wp-json\/wp\/v2\/posts\/8478\/revisions"}],"wp:attachment":[{"href":"https:\/\/www.pedroandretta.info\/index\/wp-json\/wp\/v2\/media?parent=8478"}],"wp:term":[{"taxonomy":"category","embeddable":true,"href":"https:\/\/www.pedroandretta.info\/index\/wp-json\/wp\/v2\/categories?post=8478"},{"taxonomy":"post_tag","embeddable":true,"href":"https:\/\/www.pedroandretta.info\/index\/wp-json\/wp\/v2\/tags?post=8478"}],"curies":[{"name":"wp","href":"https:\/\/api.w.org\/{rel}","templated":true}]}}