{"id":8514,"date":"2020-12-18T23:40:25","date_gmt":"2020-12-19T03:40:25","guid":{"rendered":"https:\/\/www.pedroandretta.info\/index\/?p=8514"},"modified":"2020-12-18T23:40:25","modified_gmt":"2020-12-19T03:40:25","slug":"a-oferta-do-livro-digital-para-bibliotecas-publicas-uma-perspectiva-internacion","status":"publish","type":"post","link":"https:\/\/www.pedroandretta.info\/index\/2020\/12\/a-oferta-do-livro-digital-para-bibliotecas-publicas-uma-perspectiva-internacion\/","title":{"rendered":"A oferta do livro digital para bibliotecas p\u00fablicas: uma perspectiva internacion&#8230;"},"content":{"rendered":"<p>[ad_1]<\/p>\n<blockquote class=\"twitter-tweet\">\n<p lang=\"pt\" dir=\"ltr\">A oferta do livro digital para bibliotecas p\u00fablicas: uma perspectiva internacional l Ebook para entender a <a target=\"_blank\" href=\"https:\/\/twitter.com\/hashtag\/Forma%C3%A7%C3%A3oDeCole%C3%A7%C3%B5es?src=hash&amp;ref_src=twsrc%5Etfw\" rel=\"noopener noreferrer\">#Forma\u00e7\u00e3oDeCole\u00e7\u00f5es<\/a> em <a target=\"_blank\" href=\"https:\/\/twitter.com\/hashtag\/BibliotecasP%C3%BAblicas?src=hash&amp;ref_src=twsrc%5Etfw\" rel=\"noopener noreferrer\">#BibliotecasP\u00fablicas<\/a> na Europa e EUA. <a target=\"_blank\" href=\"https:\/\/twitter.com\/hashtag\/DDA?src=hash&amp;ref_src=twsrc%5Etfw\" rel=\"noopener noreferrer\">#DDA<\/a> <a target=\"_blank\" href=\"https:\/\/t.co\/xqfI8C22sE\" rel=\"noopener noreferrer\">https:\/\/t.co\/xqfI8C22sE<\/a> <a target=\"_blank\" href=\"https:\/\/t.co\/uttFjMFBwI\" rel=\"noopener noreferrer\">pic.twitter.com\/uttFjMFBwI<\/a><\/p>\n<p>&mdash; Pedro Andretta (@pedroisandretta) <a target=\"_blank\" href=\"https:\/\/twitter.com\/pedroisandretta\/status\/1340139901032009729?ref_src=twsrc%5Etfw\" rel=\"noopener noreferrer\">December 19, 2020<\/a><\/p><\/blockquote>\n<p><script async src=\"https:\/\/platform.twitter.com\/widgets.js\" charset=\"utf-8\"><\/script><\/p>\n<p>[ad_2]<br \/>\n<br \/><a href=\"https:\/\/twitter.com\/pedroisandretta\/statuses\/1340139901032009729\">Fonte<\/a> : Projeto <a href=\"https:\/\/www.pedroandretta.info\/informeci\">Informe-CI<\/a><\/p>\n","protected":false},"excerpt":{"rendered":"<p>[ad_1] A oferta do livro digital para bibliotecas p\u00fablicas: uma perspectiva internacional l Ebook para entender a #Forma\u00e7\u00e3oDeCole\u00e7\u00f5es em #BibliotecasP\u00fablicas na Europa e EUA. #DDA https:\/\/t.co\/xqfI8C22sE pic.twitter.com\/uttFjMFBwI &mdash; Pedro Andretta (@pedroisandretta) December 19, 2020 [ad_2] Fonte : Projeto Informe-CI<\/p>\n","protected":false},"author":1,"featured_media":8515,"comment_status":"open","ping_status":"open","sticky":false,"template":"","format":"standard","meta":{"_jetpack_memberships_contains_paid_content":false,"footnotes":"","jetpack_publicize_message":"","jetpack_publicize_feature_enabled":true,"jetpack_social_post_already_shared":true,"jetpack_social_options":{"image_generator_settings":{"template":"highway","default_image_id":0,"font":"","enabled":false},"version":2}},"categories":[21],"tags":[39,1746,51],"class_list":["post-8514","post","type-post","status-publish","format-standard","has-post-thumbnail","hentry","category-informeci","tag-bibliotecaspublicas","tag-dda","tag-formacaodecolecoes"],"jetpack_publicize_connections":[],"jetpack_featured_media_url":"https:\/\/i0.wp.com\/www.pedroandretta.info\/index\/wp-content\/uploads\/2020\/12\/A-oferta-do-livro-digital-para-bibliotecas-publicas-uma-perspectiva.jpg?fit=616%2C948&ssl=1","views":"","jetpack_sharing_enabled":true,"_links":{"self":[{"href":"https:\/\/www.pedroandretta.info\/index\/wp-json\/wp\/v2\/posts\/8514","targetHints":{"allow":["GET"]}}],"collection":[{"href":"https:\/\/www.pedroandretta.info\/index\/wp-json\/wp\/v2\/posts"}],"about":[{"href":"https:\/\/www.pedroandretta.info\/index\/wp-json\/wp\/v2\/types\/post"}],"author":[{"embeddable":true,"href":"https:\/\/www.pedroandretta.info\/index\/wp-json\/wp\/v2\/users\/1"}],"replies":[{"embeddable":true,"href":"https:\/\/www.pedroandretta.info\/index\/wp-json\/wp\/v2\/comments?post=8514"}],"version-history":[{"count":0,"href":"https:\/\/www.pedroandretta.info\/index\/wp-json\/wp\/v2\/posts\/8514\/revisions"}],"wp:featuredmedia":[{"embeddable":true,"href":"https:\/\/www.pedroandretta.info\/index\/wp-json\/wp\/v2\/media\/8515"}],"wp:attachment":[{"href":"https:\/\/www.pedroandretta.info\/index\/wp-json\/wp\/v2\/media?parent=8514"}],"wp:term":[{"taxonomy":"category","embeddable":true,"href":"https:\/\/www.pedroandretta.info\/index\/wp-json\/wp\/v2\/categories?post=8514"},{"taxonomy":"post_tag","embeddable":true,"href":"https:\/\/www.pedroandretta.info\/index\/wp-json\/wp\/v2\/tags?post=8514"}],"curies":[{"name":"wp","href":"https:\/\/api.w.org\/{rel}","templated":true}]}}