{"id":8524,"date":"2020-12-19T19:20:05","date_gmt":"2020-12-19T23:20:05","guid":{"rendered":"https:\/\/www.pedroandretta.info\/index\/?p=8524"},"modified":"2020-12-19T19:20:05","modified_gmt":"2020-12-19T23:20:05","slug":"componentes-curriculares-do-eixo-tematico-gestao-na-pos-graduacao-em-ciencia-da","status":"publish","type":"post","link":"https:\/\/www.pedroandretta.info\/index\/2020\/12\/componentes-curriculares-do-eixo-tematico-gestao-na-pos-graduacao-em-ciencia-da\/","title":{"rendered":"Componentes curriculares do eixo tem\u00e1tico gest\u00e3o na p\u00f3s-gradua\u00e7\u00e3o em Ci\u00eancia da &#8230;"},"content":{"rendered":"<p>[ad_1]<\/p>\n<blockquote class=\"twitter-tweet\">\n<p lang=\"pt\" dir=\"ltr\">Componentes curriculares do eixo tem\u00e1tico gest\u00e3o na p\u00f3s-gradua\u00e7\u00e3o em Ci\u00eancia da Informa\u00e7\u00e3o no Brasil, Espanha e Portugal, organizado por Emeide Duarte, Alzira Ara\u00fajo,  Rosilene Llarena, Suzana Lira, Rayan Feitoza Almeida l Na EdUFPB! \ud83d\udc4f\ud83c\udffb\ud83d\udc4f\ud83c\udffb\ud83d\udc4f\ud83c\udffb <a target=\"_blank\" href=\"https:\/\/twitter.com\/hashtag\/Gest%C3%A3o?src=hash&amp;ref_src=twsrc%5Etfw\" rel=\"noopener noreferrer\">#Gest\u00e3o<\/a> <a target=\"_blank\" href=\"https:\/\/twitter.com\/hashtag\/PPGCI?src=hash&amp;ref_src=twsrc%5Etfw\" rel=\"noopener noreferrer\">#PPGCI<\/a> <a target=\"_blank\" href=\"https:\/\/t.co\/g9OtC7kE2N\" rel=\"noopener noreferrer\">https:\/\/t.co\/g9OtC7kE2N<\/a> <a target=\"_blank\" href=\"https:\/\/t.co\/KREglyKxGX\" rel=\"noopener noreferrer\">pic.twitter.com\/KREglyKxGX<\/a><\/p>\n<p>&mdash; Pedro Andretta (@pedroisandretta) <a target=\"_blank\" href=\"https:\/\/twitter.com\/pedroisandretta\/status\/1340436772141019138?ref_src=twsrc%5Etfw\" rel=\"noopener noreferrer\">December 19, 2020<\/a><\/p><\/blockquote>\n<p><script async src=\"https:\/\/platform.twitter.com\/widgets.js\" charset=\"utf-8\"><\/script><\/p>\n<p>[ad_2]<br \/>\n<br \/><a href=\"https:\/\/twitter.com\/pedroisandretta\/statuses\/1340436772141019138\">Fonte<\/a> : Projeto <a href=\"https:\/\/www.pedroandretta.info\/informeci\">Informe-CI<\/a><\/p>\n","protected":false},"excerpt":{"rendered":"<p>[ad_1] Componentes curriculares do eixo tem\u00e1tico gest\u00e3o na p\u00f3s-gradua\u00e7\u00e3o em Ci\u00eancia da Informa\u00e7\u00e3o no Brasil, Espanha e Portugal, organizado por Emeide Duarte, Alzira Ara\u00fajo, Rosilene Llarena, Suzana Lira, Rayan Feitoza Almeida l Na EdUFPB! \ud83d\udc4f\ud83c\udffb\ud83d\udc4f\ud83c\udffb\ud83d\udc4f\ud83c\udffb #Gest\u00e3o #PPGCI https:\/\/t.co\/g9OtC7kE2N pic.twitter.com\/KREglyKxGX &mdash; Pedro Andretta (@pedroisandretta) December 19, 2020 [ad_2] Fonte : Projeto Informe-CI<\/p>\n","protected":false},"author":1,"featured_media":8525,"comment_status":"open","ping_status":"open","sticky":false,"template":"","format":"standard","meta":{"_jetpack_newsletter_access":"","_jetpack_dont_email_post_to_subs":false,"_jetpack_newsletter_tier_id":0,"_jetpack_memberships_contains_paywalled_content":false,"_jetpack_feature_clip_id":0,"_jetpack_memberships_contains_paid_content":false,"footnotes":"","jetpack_publicize_message":"","jetpack_publicize_feature_enabled":true,"jetpack_social_post_already_shared":true,"jetpack_social_options":{"image_generator_settings":{"template":"highway","default_image_id":0,"font":"","enabled":false},"version":2},"jetpack_post_was_ever_published":false},"categories":[21],"tags":[879,307],"class_list":["post-8524","post","type-post","status-publish","format-standard","has-post-thumbnail","hentry","category-informeci","tag-gestao","tag-ppgci"],"jetpack_publicize_connections":[],"jetpack_featured_media_url":"https:\/\/i0.wp.com\/www.pedroandretta.info\/index\/wp-content\/uploads\/2020\/12\/Componentes-curriculares-do-eixo-tematico-gestao-na-pos-graduacao-em-Ciencia.jpg?fit=583%2C830&ssl=1","views":"","jetpack_sharing_enabled":true,"_links":{"self":[{"href":"https:\/\/www.pedroandretta.info\/index\/wp-json\/wp\/v2\/posts\/8524","targetHints":{"allow":["GET"]}}],"collection":[{"href":"https:\/\/www.pedroandretta.info\/index\/wp-json\/wp\/v2\/posts"}],"about":[{"href":"https:\/\/www.pedroandretta.info\/index\/wp-json\/wp\/v2\/types\/post"}],"author":[{"embeddable":true,"href":"https:\/\/www.pedroandretta.info\/index\/wp-json\/wp\/v2\/users\/1"}],"replies":[{"embeddable":true,"href":"https:\/\/www.pedroandretta.info\/index\/wp-json\/wp\/v2\/comments?post=8524"}],"version-history":[{"count":0,"href":"https:\/\/www.pedroandretta.info\/index\/wp-json\/wp\/v2\/posts\/8524\/revisions"}],"wp:featuredmedia":[{"embeddable":true,"href":"https:\/\/www.pedroandretta.info\/index\/wp-json\/wp\/v2\/media\/8525"}],"wp:attachment":[{"href":"https:\/\/www.pedroandretta.info\/index\/wp-json\/wp\/v2\/media?parent=8524"}],"wp:term":[{"taxonomy":"category","embeddable":true,"href":"https:\/\/www.pedroandretta.info\/index\/wp-json\/wp\/v2\/categories?post=8524"},{"taxonomy":"post_tag","embeddable":true,"href":"https:\/\/www.pedroandretta.info\/index\/wp-json\/wp\/v2\/tags?post=8524"}],"curies":[{"name":"wp","href":"https:\/\/api.w.org\/{rel}","templated":true}]}}