{"id":8541,"date":"2020-12-21T05:39:11","date_gmt":"2020-12-21T09:39:11","guid":{"rendered":"https:\/\/www.pedroandretta.info\/index\/?p=8541"},"modified":"2020-12-21T05:39:11","modified_gmt":"2020-12-21T09:39:11","slug":"inclusao-ativa-as-experiencias-do-subcomite-de-servico-de-refugiados-imigrante","status":"publish","type":"post","link":"https:\/\/www.pedroandretta.info\/index\/2020\/12\/inclusao-ativa-as-experiencias-do-subcomite-de-servico-de-refugiados-imigrante\/","title":{"rendered":"Inclus\u00e3o Ativa: as Experi\u00eancias do Subcomit\u00ea de Servi\u00e7o de Refugiados, Imigrante&#8230;"},"content":{"rendered":"<p>[ad_1]<\/p>\n<blockquote class=\"twitter-tweet\">\n<p lang=\"pt\" dir=\"ltr\">Inclus\u00e3o Ativa: as Experi\u00eancias do Subcomit\u00ea de Servi\u00e7o de Refugiados, Imigrantes e \u201cPessoas Deslocadas\u201d da ALA l <a target=\"_blank\" href=\"https:\/\/twitter.com\/hashtag\/Entrevista?src=hash&amp;ref_src=twsrc%5Etfw\" rel=\"noopener noreferrer\">#Entrevista<\/a> abordando o papel das bibliotecas no apoio a refugiados e imigrantes e seus desafios. <a target=\"_blank\" href=\"https:\/\/twitter.com\/hashtag\/Migra%C3%A7%C3%A3o?src=hash&amp;ref_src=twsrc%5Etfw\" rel=\"noopener noreferrer\">#Migra\u00e7\u00e3o<\/a> <a target=\"_blank\" href=\"https:\/\/twitter.com\/hashtag\/Imigrantes?src=hash&amp;ref_src=twsrc%5Etfw\" rel=\"noopener noreferrer\">#Imigrantes<\/a> <a target=\"_blank\" href=\"https:\/\/twitter.com\/hashtag\/Inclus%C3%A3o?src=hash&amp;ref_src=twsrc%5Etfw\" rel=\"noopener noreferrer\">#Inclus\u00e3o<\/a> \ud83c\uddfa\ud83c\uddf8 via IFLA <a target=\"_blank\" href=\"https:\/\/t.co\/DmOHyPyp3k\" rel=\"noopener noreferrer\">https:\/\/t.co\/DmOHyPyp3k<\/a><\/p>\n<p>&mdash; Pedro Andretta (@pedroisandretta) <a target=\"_blank\" href=\"https:\/\/twitter.com\/pedroisandretta\/status\/1340954961379733504?ref_src=twsrc%5Etfw\" rel=\"noopener noreferrer\">December 21, 2020<\/a><\/p><\/blockquote>\n<p><script async src=\"https:\/\/platform.twitter.com\/widgets.js\" charset=\"utf-8\"><\/script><\/p>\n<p>[ad_2]<br \/>\n<br \/><a href=\"https:\/\/twitter.com\/pedroisandretta\/statuses\/1340954961379733504\">Fonte<\/a> : Projeto <a href=\"https:\/\/www.pedroandretta.info\/informeci\">Informe-CI<\/a><\/p>\n","protected":false},"excerpt":{"rendered":"<p>[ad_1] Inclus\u00e3o Ativa: as Experi\u00eancias do Subcomit\u00ea de Servi\u00e7o de Refugiados, Imigrantes e \u201cPessoas Deslocadas\u201d da ALA l #Entrevista abordando o papel das bibliotecas no apoio a refugiados e imigrantes e seus desafios. #Migra\u00e7\u00e3o #Imigrantes #Inclus\u00e3o \ud83c\uddfa\ud83c\uddf8 via IFLA https:\/\/t.co\/DmOHyPyp3k &mdash; Pedro Andretta (@pedroisandretta) December 21, 2020 [ad_2] Fonte : Projeto Informe-CI<\/p>\n","protected":false},"author":1,"featured_media":0,"comment_status":"open","ping_status":"open","sticky":false,"template":"","format":"standard","meta":{"_jetpack_newsletter_access":"","_jetpack_dont_email_post_to_subs":false,"_jetpack_newsletter_tier_id":0,"_jetpack_memberships_contains_paywalled_content":false,"_jetpack_feature_clip_id":0,"_jetpack_memberships_contains_paid_content":false,"footnotes":"","jetpack_publicize_message":"","jetpack_publicize_feature_enabled":true,"jetpack_social_post_already_shared":true,"jetpack_social_options":{"image_generator_settings":{"template":"highway","default_image_id":0,"font":"","enabled":false},"version":2},"jetpack_post_was_ever_published":false},"categories":[21],"tags":[601,1756,850,1449],"class_list":["post-8541","post","type-post","status-publish","format-standard","hentry","category-informeci","tag-entrevista","tag-imigrantes","tag-inclusao","tag-migracao"],"jetpack_publicize_connections":[],"jetpack_featured_media_url":"","views":"","jetpack_sharing_enabled":true,"_links":{"self":[{"href":"https:\/\/www.pedroandretta.info\/index\/wp-json\/wp\/v2\/posts\/8541","targetHints":{"allow":["GET"]}}],"collection":[{"href":"https:\/\/www.pedroandretta.info\/index\/wp-json\/wp\/v2\/posts"}],"about":[{"href":"https:\/\/www.pedroandretta.info\/index\/wp-json\/wp\/v2\/types\/post"}],"author":[{"embeddable":true,"href":"https:\/\/www.pedroandretta.info\/index\/wp-json\/wp\/v2\/users\/1"}],"replies":[{"embeddable":true,"href":"https:\/\/www.pedroandretta.info\/index\/wp-json\/wp\/v2\/comments?post=8541"}],"version-history":[{"count":0,"href":"https:\/\/www.pedroandretta.info\/index\/wp-json\/wp\/v2\/posts\/8541\/revisions"}],"wp:attachment":[{"href":"https:\/\/www.pedroandretta.info\/index\/wp-json\/wp\/v2\/media?parent=8541"}],"wp:term":[{"taxonomy":"category","embeddable":true,"href":"https:\/\/www.pedroandretta.info\/index\/wp-json\/wp\/v2\/categories?post=8541"},{"taxonomy":"post_tag","embeddable":true,"href":"https:\/\/www.pedroandretta.info\/index\/wp-json\/wp\/v2\/tags?post=8541"}],"curies":[{"name":"wp","href":"https:\/\/api.w.org\/{rel}","templated":true}]}}