{"id":8547,"date":"2020-12-21T18:59:55","date_gmt":"2020-12-21T22:59:55","guid":{"rendered":"https:\/\/www.pedroandretta.info\/index\/?p=8547"},"modified":"2020-12-21T18:59:55","modified_gmt":"2020-12-21T22:59:55","slug":"bibliotecas-legislacao-e-politicas-na-europa-l-no-mapeamento-8-paises-nao-tem","status":"publish","type":"post","link":"https:\/\/www.pedroandretta.info\/index\/2020\/12\/bibliotecas-legislacao-e-politicas-na-europa-l-no-mapeamento-8-paises-nao-tem\/","title":{"rendered":"Bibliotecas: Legisla\u00e7\u00e3o e Politicas na Europa l No mapeamento, 8 pa\u00edses n\u00e3o tem &#8230;"},"content":{"rendered":"<p>[ad_1]<\/p>\n<blockquote class=\"twitter-tweet\">\n<p lang=\"pt\" dir=\"ltr\">Bibliotecas: Legisla\u00e7\u00e3o e Politicas na Europa l No mapeamento, 8 pa\u00edses n\u00e3o tem a regulamenta\u00e7\u00e3o da profiss\u00e3o para atua\u00e7\u00e3o em bibliotecas, 6 n\u00e3o possuem pol\u00edticas nacionais espec\u00edficas para Bibliotecas. <a target=\"_blank\" href=\"https:\/\/twitter.com\/hashtag\/Pol%C3%ADticasP%C3%BAblicas?src=hash&amp;ref_src=twsrc%5Etfw\" rel=\"noopener noreferrer\">#Pol\u00edticasP\u00fablicas<\/a> <a target=\"_blank\" href=\"https:\/\/twitter.com\/hashtag\/Europa?src=hash&amp;ref_src=twsrc%5Etfw\" rel=\"noopener noreferrer\">#Europa<\/a> <a target=\"_blank\" href=\"https:\/\/twitter.com\/hashtag\/Bibliotecas?src=hash&amp;ref_src=twsrc%5Etfw\" rel=\"noopener noreferrer\">#Bibliotecas<\/a> \ud83c\uddfa\ud83c\uddf8 via EBLIDA <a target=\"_blank\" href=\"https:\/\/t.co\/MOJ60GcHmD\" rel=\"noopener noreferrer\">https:\/\/t.co\/MOJ60GcHmD<\/a><\/p>\n<p>&mdash; Pedro Andretta (@pedroisandretta) <a target=\"_blank\" href=\"https:\/\/twitter.com\/pedroisandretta\/status\/1341156474601562113?ref_src=twsrc%5Etfw\" rel=\"noopener noreferrer\">December 21, 2020<\/a><\/p><\/blockquote>\n<p><script async src=\"https:\/\/platform.twitter.com\/widgets.js\" charset=\"utf-8\"><\/script><\/p>\n<p>[ad_2]<br \/>\n<br \/><a href=\"https:\/\/twitter.com\/pedroisandretta\/statuses\/1341156474601562113\">Fonte<\/a> : Projeto <a href=\"https:\/\/www.pedroandretta.info\/informeci\">Informe-CI<\/a><\/p>\n","protected":false},"excerpt":{"rendered":"<p>[ad_1] Bibliotecas: Legisla\u00e7\u00e3o e Politicas na Europa l No mapeamento, 8 pa\u00edses n\u00e3o tem a regulamenta\u00e7\u00e3o da profiss\u00e3o para atua\u00e7\u00e3o em bibliotecas, 6 n\u00e3o possuem pol\u00edticas nacionais espec\u00edficas para Bibliotecas. #Pol\u00edticasP\u00fablicas #Europa #Bibliotecas \ud83c\uddfa\ud83c\uddf8 via EBLIDA https:\/\/t.co\/MOJ60GcHmD &mdash; Pedro Andretta (@pedroisandretta) December 21, 2020 [ad_2] Fonte : Projeto Informe-CI<\/p>\n","protected":false},"author":1,"featured_media":0,"comment_status":"open","ping_status":"open","sticky":false,"template":"","format":"standard","meta":{"_jetpack_memberships_contains_paid_content":false,"footnotes":"","jetpack_publicize_message":"","jetpack_publicize_feature_enabled":true,"jetpack_social_post_already_shared":true,"jetpack_social_options":{"image_generator_settings":{"template":"highway","default_image_id":0,"font":"","enabled":false},"version":2}},"categories":[21],"tags":[38,292,449],"class_list":["post-8547","post","type-post","status-publish","format-standard","hentry","category-informeci","tag-bibliotecas","tag-europa","tag-politicaspublicas"],"jetpack_publicize_connections":[],"jetpack_featured_media_url":"","views":"","jetpack_sharing_enabled":true,"_links":{"self":[{"href":"https:\/\/www.pedroandretta.info\/index\/wp-json\/wp\/v2\/posts\/8547","targetHints":{"allow":["GET"]}}],"collection":[{"href":"https:\/\/www.pedroandretta.info\/index\/wp-json\/wp\/v2\/posts"}],"about":[{"href":"https:\/\/www.pedroandretta.info\/index\/wp-json\/wp\/v2\/types\/post"}],"author":[{"embeddable":true,"href":"https:\/\/www.pedroandretta.info\/index\/wp-json\/wp\/v2\/users\/1"}],"replies":[{"embeddable":true,"href":"https:\/\/www.pedroandretta.info\/index\/wp-json\/wp\/v2\/comments?post=8547"}],"version-history":[{"count":0,"href":"https:\/\/www.pedroandretta.info\/index\/wp-json\/wp\/v2\/posts\/8547\/revisions"}],"wp:attachment":[{"href":"https:\/\/www.pedroandretta.info\/index\/wp-json\/wp\/v2\/media?parent=8547"}],"wp:term":[{"taxonomy":"category","embeddable":true,"href":"https:\/\/www.pedroandretta.info\/index\/wp-json\/wp\/v2\/categories?post=8547"},{"taxonomy":"post_tag","embeddable":true,"href":"https:\/\/www.pedroandretta.info\/index\/wp-json\/wp\/v2\/tags?post=8547"}],"curies":[{"name":"wp","href":"https:\/\/api.w.org\/{rel}","templated":true}]}}