{"id":8690,"date":"2021-01-02T13:45:01","date_gmt":"2021-01-02T17:45:01","guid":{"rendered":"https:\/\/www.pedroandretta.info\/index\/?p=8690"},"modified":"2021-01-02T13:45:01","modified_gmt":"2021-01-02T17:45:01","slug":"a-cultura-afro-brasileira-e-a-ciencia-da-informacao-l-texto-indica-a-constituic","status":"publish","type":"post","link":"https:\/\/www.pedroandretta.info\/index\/2021\/01\/a-cultura-afro-brasileira-e-a-ciencia-da-informacao-l-texto-indica-a-constituic\/","title":{"rendered":"A Cultura Afro-Brasileira e a Ci\u00eancia da Informa\u00e7\u00e3o l Texto  indica a Constitui\u00e7&#8230;"},"content":{"rendered":"<p>[ad_1]<\/p>\n<blockquote class=\"twitter-tweet\">\n<p lang=\"pt\" dir=\"ltr\">A Cultura Afro-Brasileira e a Ci\u00eancia da Informa\u00e7\u00e3o l Texto  indica a Constitui\u00e7\u00e3o Federal Brasileira de 1988 e a <a target=\"_blank\" href=\"https:\/\/twitter.com\/hashtag\/Lei10639?src=hash&amp;ref_src=twsrc%5Etfw\" rel=\"noopener noreferrer\">#Lei10639<\/a>\/2003,  como formas de legitima\u00e7\u00e3o e fundamentais para disseminar as manifesta\u00e7\u00f5es e pr\u00e1ticas da <a target=\"_blank\" href=\"https:\/\/twitter.com\/hashtag\/CulturaAfroBrasileira?src=hash&amp;ref_src=twsrc%5Etfw\" rel=\"noopener noreferrer\">#CulturaAfroBrasileira<\/a> . <a target=\"_blank\" href=\"https:\/\/t.co\/DHbKqF6kS7\" rel=\"noopener noreferrer\">https:\/\/t.co\/DHbKqF6kS7<\/a> <a target=\"_blank\" href=\"https:\/\/t.co\/OE3aHsPtTF\" rel=\"noopener noreferrer\">pic.twitter.com\/OE3aHsPtTF<\/a><\/p>\n<p>&mdash; Pedro Andretta (@pedroisandretta) <a target=\"_blank\" href=\"https:\/\/twitter.com\/pedroisandretta\/status\/1345425883079782400?ref_src=twsrc%5Etfw\" rel=\"noopener noreferrer\">January 2, 2021<\/a><\/p><\/blockquote>\n<p><script async src=\"https:\/\/platform.twitter.com\/widgets.js\" charset=\"utf-8\"><\/script><\/p>\n<p>[ad_2]<br \/>\n<br \/><a href=\"https:\/\/twitter.com\/pedroisandretta\/statuses\/1345425883079782400\">Fonte<\/a> : Projeto <a href=\"https:\/\/www.pedroandretta.info\/informeci\">Informe-CI<\/a><\/p>\n","protected":false},"excerpt":{"rendered":"<p>[ad_1] A Cultura Afro-Brasileira e a Ci\u00eancia da Informa\u00e7\u00e3o l Texto indica a Constitui\u00e7\u00e3o Federal Brasileira de 1988 e a #Lei10639\/2003, como formas de legitima\u00e7\u00e3o e fundamentais para disseminar as manifesta\u00e7\u00f5es e pr\u00e1ticas da #CulturaAfroBrasileira . https:\/\/t.co\/DHbKqF6kS7 pic.twitter.com\/OE3aHsPtTF &mdash; Pedro Andretta (@pedroisandretta) January 2, 2021 [ad_2] Fonte : Projeto Informe-CI<\/p>\n","protected":false},"author":1,"featured_media":8691,"comment_status":"open","ping_status":"open","sticky":false,"template":"","format":"standard","meta":{"_jetpack_memberships_contains_paid_content":false,"footnotes":"","jetpack_publicize_message":"","jetpack_publicize_feature_enabled":true,"jetpack_social_post_already_shared":true,"jetpack_social_options":{"image_generator_settings":{"template":"highway","default_image_id":0,"font":"","enabled":false},"version":2}},"categories":[21],"tags":[1806,1636],"class_list":["post-8690","post","type-post","status-publish","format-standard","has-post-thumbnail","hentry","category-informeci","tag-culturaafrobrasileira","tag-lei10639"],"jetpack_publicize_connections":[],"jetpack_featured_media_url":"https:\/\/i0.wp.com\/www.pedroandretta.info\/index\/wp-content\/uploads\/2021\/01\/A-Cultura-Afro-Brasileira-e-a-Ciencia-da-Informacao-l-Texto.jpg?fit=640%2C896&ssl=1","views":"","jetpack_sharing_enabled":true,"_links":{"self":[{"href":"https:\/\/www.pedroandretta.info\/index\/wp-json\/wp\/v2\/posts\/8690","targetHints":{"allow":["GET"]}}],"collection":[{"href":"https:\/\/www.pedroandretta.info\/index\/wp-json\/wp\/v2\/posts"}],"about":[{"href":"https:\/\/www.pedroandretta.info\/index\/wp-json\/wp\/v2\/types\/post"}],"author":[{"embeddable":true,"href":"https:\/\/www.pedroandretta.info\/index\/wp-json\/wp\/v2\/users\/1"}],"replies":[{"embeddable":true,"href":"https:\/\/www.pedroandretta.info\/index\/wp-json\/wp\/v2\/comments?post=8690"}],"version-history":[{"count":0,"href":"https:\/\/www.pedroandretta.info\/index\/wp-json\/wp\/v2\/posts\/8690\/revisions"}],"wp:featuredmedia":[{"embeddable":true,"href":"https:\/\/www.pedroandretta.info\/index\/wp-json\/wp\/v2\/media\/8691"}],"wp:attachment":[{"href":"https:\/\/www.pedroandretta.info\/index\/wp-json\/wp\/v2\/media?parent=8690"}],"wp:term":[{"taxonomy":"category","embeddable":true,"href":"https:\/\/www.pedroandretta.info\/index\/wp-json\/wp\/v2\/categories?post=8690"},{"taxonomy":"post_tag","embeddable":true,"href":"https:\/\/www.pedroandretta.info\/index\/wp-json\/wp\/v2\/tags?post=8690"}],"curies":[{"name":"wp","href":"https:\/\/api.w.org\/{rel}","templated":true}]}}