{"id":8760,"date":"2021-01-08T15:48:38","date_gmt":"2021-01-08T19:48:38","guid":{"rendered":"https:\/\/www.pedroandretta.info\/index\/?p=8760"},"modified":"2021-01-08T15:48:38","modified_gmt":"2021-01-08T19:48:38","slug":"animacao-brasileira-umbrella-elegivel-para-oscar-e-lancada-no-youtube-curt","status":"publish","type":"post","link":"https:\/\/www.pedroandretta.info\/index\/2021\/01\/animacao-brasileira-umbrella-elegivel-para-oscar-e-lancada-no-youtube-curt\/","title":{"rendered":"Anima\u00e7\u00e3o brasileira &#8216;Umbrella&#8217;, eleg\u00edvel para Oscar, \u00e9 lan\u00e7ada no YouTube | Curt&#8230;"},"content":{"rendered":"<p>[ad_1]<br \/>\n<img data-recalc-dims=\"1\" decoding=\"async\" src=\"https:\/\/i0.wp.com\/www.pedroandretta.info\/index\/wp-content\/uploads\/2021\/01\/Animacao-brasileira-Umbrella-elegivel-para-Oscar-e-lancada-no-YouTube.jpg?w=696&#038;ssl=1\"\/><\/p>\n<blockquote class=\"twitter-tweet\">\n<p lang=\"pt\" dir=\"ltr\">Anima\u00e7\u00e3o brasileira &#39;Umbrella&#39;, eleg\u00edvel para Oscar, \u00e9 lan\u00e7ada no YouTube | Curta-metragem pode ser assistido gratuitamente de 7 a 21 de janeiro, no YouTube, no Canal Stratostorm. (S\u00e3o s\u00f3 quase 8 minutos de curta, assistam! \ud83d\ude09)  <a target=\"_blank\" href=\"https:\/\/twitter.com\/hashtag\/Filmes?src=hash&amp;ref_src=twsrc%5Etfw\" rel=\"noopener noreferrer\">#Filmes<\/a>  <a target=\"_blank\" href=\"https:\/\/t.co\/Ben712ww8a\" rel=\"noopener noreferrer\">https:\/\/t.co\/Ben712ww8a<\/a><\/p>\n<p>&mdash; Pedro Andretta (@pedroisandretta) <a target=\"_blank\" href=\"https:\/\/twitter.com\/pedroisandretta\/status\/1347631317635244034?ref_src=twsrc%5Etfw\" rel=\"noopener noreferrer\">January 8, 2021<\/a><\/p><\/blockquote>\n<p><script async src=\"https:\/\/platform.twitter.com\/widgets.js\" charset=\"utf-8\"><\/script><\/p>\n<p>[ad_2]<br \/>\n<br \/><a href=\"https:\/\/twitter.com\/pedroisandretta\/statuses\/1347631317635244034\">Fonte<\/a> : Projeto <a href=\"https:\/\/www.pedroandretta.info\/informeci\">Informe-CI<\/a><\/p>\n","protected":false},"excerpt":{"rendered":"<p>[ad_1] Anima\u00e7\u00e3o brasileira &#39;Umbrella&#39;, eleg\u00edvel para Oscar, \u00e9 lan\u00e7ada no YouTube | Curta-metragem pode ser assistido gratuitamente de 7 a 21 de janeiro, no YouTube, no Canal Stratostorm. (S\u00e3o s\u00f3 quase 8 minutos de curta, assistam! \ud83d\ude09) #Filmes https:\/\/t.co\/Ben712ww8a &mdash; Pedro Andretta (@pedroisandretta) January 8, 2021 [ad_2] Fonte : Projeto Informe-CI<\/p>\n","protected":false},"author":1,"featured_media":8761,"comment_status":"open","ping_status":"open","sticky":false,"template":"","format":"standard","meta":{"_jetpack_memberships_contains_paid_content":false,"footnotes":"","jetpack_publicize_message":"","jetpack_publicize_feature_enabled":true,"jetpack_social_post_already_shared":true,"jetpack_social_options":{"image_generator_settings":{"template":"highway","default_image_id":0,"font":"","enabled":false},"version":2}},"categories":[21],"tags":[267],"class_list":["post-8760","post","type-post","status-publish","format-standard","has-post-thumbnail","hentry","category-informeci","tag-filmes"],"jetpack_publicize_connections":[],"jetpack_featured_media_url":"https:\/\/i0.wp.com\/www.pedroandretta.info\/index\/wp-content\/uploads\/2021\/01\/Animacao-brasileira-Umbrella-elegivel-para-Oscar-e-lancada-no-YouTube.jpg?fit=1280%2C720&ssl=1","views":"","jetpack_sharing_enabled":true,"_links":{"self":[{"href":"https:\/\/www.pedroandretta.info\/index\/wp-json\/wp\/v2\/posts\/8760","targetHints":{"allow":["GET"]}}],"collection":[{"href":"https:\/\/www.pedroandretta.info\/index\/wp-json\/wp\/v2\/posts"}],"about":[{"href":"https:\/\/www.pedroandretta.info\/index\/wp-json\/wp\/v2\/types\/post"}],"author":[{"embeddable":true,"href":"https:\/\/www.pedroandretta.info\/index\/wp-json\/wp\/v2\/users\/1"}],"replies":[{"embeddable":true,"href":"https:\/\/www.pedroandretta.info\/index\/wp-json\/wp\/v2\/comments?post=8760"}],"version-history":[{"count":0,"href":"https:\/\/www.pedroandretta.info\/index\/wp-json\/wp\/v2\/posts\/8760\/revisions"}],"wp:featuredmedia":[{"embeddable":true,"href":"https:\/\/www.pedroandretta.info\/index\/wp-json\/wp\/v2\/media\/8761"}],"wp:attachment":[{"href":"https:\/\/www.pedroandretta.info\/index\/wp-json\/wp\/v2\/media?parent=8760"}],"wp:term":[{"taxonomy":"category","embeddable":true,"href":"https:\/\/www.pedroandretta.info\/index\/wp-json\/wp\/v2\/categories?post=8760"},{"taxonomy":"post_tag","embeddable":true,"href":"https:\/\/www.pedroandretta.info\/index\/wp-json\/wp\/v2\/tags?post=8760"}],"curies":[{"name":"wp","href":"https:\/\/api.w.org\/{rel}","templated":true}]}}