{"id":8762,"date":"2021-01-08T17:27:51","date_gmt":"2021-01-08T21:27:51","guid":{"rendered":"https:\/\/www.pedroandretta.info\/index\/?p=8762"},"modified":"2021-01-08T17:27:51","modified_gmt":"2021-01-08T21:27:51","slug":"fios-do-brincar-tecendo-o-acolhimento-de-todos-os-bebes-e-criancas-pequenas-l-c","status":"publish","type":"post","link":"https:\/\/www.pedroandretta.info\/index\/2021\/01\/fios-do-brincar-tecendo-o-acolhimento-de-todos-os-bebes-e-criancas-pequenas-l-c\/","title":{"rendered":"Fios do Brincar: tecendo o acolhimento de todos os beb\u00eas e crian\u00e7as pequenas l C&#8230;"},"content":{"rendered":"<p>[ad_1]<\/p>\n<blockquote class=\"twitter-tweet\">\n<p lang=\"pt\" dir=\"ltr\">Fios do Brincar: tecendo o acolhimento de todos os beb\u00eas e crian\u00e7as pequenas l Conhe\u00e7a algumas sugest\u00f5es de atividades que podem ser realizadas por beb\u00eas e crian\u00e7as pequenas com diferentes defici\u00eancias e sem defici\u00eancia. <a target=\"_blank\" href=\"https:\/\/twitter.com\/hashtag\/Inclus%C3%A3o?src=hash&amp;ref_src=twsrc%5Etfw\" rel=\"noopener noreferrer\">#Inclus\u00e3o<\/a> <a target=\"_blank\" href=\"https:\/\/twitter.com\/hashtag\/pcd?src=hash&amp;ref_src=twsrc%5Etfw\" rel=\"noopener noreferrer\">#pcd<\/a> via Mais Diferen\u00e7as <a target=\"_blank\" href=\"https:\/\/t.co\/8kMiBhHZJi\" rel=\"noopener noreferrer\">https:\/\/t.co\/8kMiBhHZJi<\/a><\/p>\n<p>&mdash; Pedro Andretta (@pedroisandretta) <a target=\"_blank\" href=\"https:\/\/twitter.com\/pedroisandretta\/status\/1347656287643983872?ref_src=twsrc%5Etfw\" rel=\"noopener noreferrer\">January 8, 2021<\/a><\/p><\/blockquote>\n<p><script async src=\"https:\/\/platform.twitter.com\/widgets.js\" charset=\"utf-8\"><\/script><\/p>\n<p>[ad_2]<br \/>\n<br \/><a href=\"https:\/\/twitter.com\/pedroisandretta\/statuses\/1347656287643983872\">Fonte<\/a> : Projeto <a href=\"https:\/\/www.pedroandretta.info\/informeci\">Informe-CI<\/a><\/p>\n","protected":false},"excerpt":{"rendered":"<p>[ad_1] Fios do Brincar: tecendo o acolhimento de todos os beb\u00eas e crian\u00e7as pequenas l Conhe\u00e7a algumas sugest\u00f5es de atividades que podem ser realizadas por beb\u00eas e crian\u00e7as pequenas com diferentes defici\u00eancias e sem defici\u00eancia. #Inclus\u00e3o #pcd via Mais Diferen\u00e7as https:\/\/t.co\/8kMiBhHZJi &mdash; Pedro Andretta (@pedroisandretta) January 8, 2021 [ad_2] Fonte : Projeto Informe-CI<\/p>\n","protected":false},"author":1,"featured_media":0,"comment_status":"open","ping_status":"open","sticky":false,"template":"","format":"standard","meta":{"_jetpack_memberships_contains_paid_content":false,"footnotes":"","jetpack_publicize_message":"","jetpack_publicize_feature_enabled":true,"jetpack_social_post_already_shared":true,"jetpack_social_options":{"image_generator_settings":{"template":"highway","default_image_id":0,"font":"","enabled":false},"version":2}},"categories":[21],"tags":[850,102],"class_list":["post-8762","post","type-post","status-publish","format-standard","hentry","category-informeci","tag-inclusao","tag-pessoascomdeficiencia"],"jetpack_publicize_connections":[],"jetpack_featured_media_url":"","views":"","jetpack_sharing_enabled":true,"_links":{"self":[{"href":"https:\/\/www.pedroandretta.info\/index\/wp-json\/wp\/v2\/posts\/8762","targetHints":{"allow":["GET"]}}],"collection":[{"href":"https:\/\/www.pedroandretta.info\/index\/wp-json\/wp\/v2\/posts"}],"about":[{"href":"https:\/\/www.pedroandretta.info\/index\/wp-json\/wp\/v2\/types\/post"}],"author":[{"embeddable":true,"href":"https:\/\/www.pedroandretta.info\/index\/wp-json\/wp\/v2\/users\/1"}],"replies":[{"embeddable":true,"href":"https:\/\/www.pedroandretta.info\/index\/wp-json\/wp\/v2\/comments?post=8762"}],"version-history":[{"count":0,"href":"https:\/\/www.pedroandretta.info\/index\/wp-json\/wp\/v2\/posts\/8762\/revisions"}],"wp:attachment":[{"href":"https:\/\/www.pedroandretta.info\/index\/wp-json\/wp\/v2\/media?parent=8762"}],"wp:term":[{"taxonomy":"category","embeddable":true,"href":"https:\/\/www.pedroandretta.info\/index\/wp-json\/wp\/v2\/categories?post=8762"},{"taxonomy":"post_tag","embeddable":true,"href":"https:\/\/www.pedroandretta.info\/index\/wp-json\/wp\/v2\/tags?post=8762"}],"curies":[{"name":"wp","href":"https:\/\/api.w.org\/{rel}","templated":true}]}}