{"id":8766,"date":"2021-01-08T19:16:09","date_gmt":"2021-01-08T23:16:09","guid":{"rendered":"https:\/\/www.pedroandretta.info\/index\/?p=8766"},"modified":"2021-01-08T19:16:09","modified_gmt":"2021-01-08T23:16:09","slug":"e-book-bibliotecas-e-hibridez-organizado-por-rosangela-f-caldas-e-rafaela-car","status":"publish","type":"post","link":"https:\/\/www.pedroandretta.info\/index\/2021\/01\/e-book-bibliotecas-e-hibridez-organizado-por-rosangela-f-caldas-e-rafaela-car\/","title":{"rendered":"E-book: Bibliotecas e Hibridez, organizado por Ros\u00e2ngela F. Caldas e Rafaela Car&#8230;"},"content":{"rendered":"<p>[ad_1]<\/p>\n<blockquote class=\"twitter-tweet\">\n<p lang=\"pt\" dir=\"ltr\">E-book: Bibliotecas e Hibridez, organizado por Ros\u00e2ngela F. Caldas e Rafaela Carolina da Silva l <a target=\"_blank\" href=\"https:\/\/twitter.com\/hashtag\/BibliotecasH%C3%ADbridas?src=hash&amp;ref_src=twsrc%5Etfw\" rel=\"noopener noreferrer\">#BibliotecasH\u00edbridas<\/a> <a target=\"_blank\" href=\"https:\/\/twitter.com\/hashtag\/BibliotecasAlternativas?src=hash&amp;ref_src=twsrc%5Etfw\" rel=\"noopener noreferrer\">#BibliotecasAlternativas<\/a>  <a target=\"_blank\" href=\"https:\/\/twitter.com\/hashtag\/BibliotecasEscolares?src=hash&amp;ref_src=twsrc%5Etfw\" rel=\"noopener noreferrer\">#BibliotecasEscolares<\/a> <a target=\"_blank\" href=\"https:\/\/twitter.com\/hashtag\/BibliotecasP%C3%BAblicas?src=hash&amp;ref_src=twsrc%5Etfw\" rel=\"noopener noreferrer\">#BibliotecasP\u00fablicas<\/a> <a target=\"_blank\" href=\"https:\/\/twitter.com\/hashtag\/BibliotecasEspecializadas?src=hash&amp;ref_src=twsrc%5Etfw\" rel=\"noopener noreferrer\">#BibliotecasEspecializadas<\/a> <a target=\"_blank\" href=\"https:\/\/twitter.com\/hashtag\/BibliotecasUniversit%C3%A1rias?src=hash&amp;ref_src=twsrc%5Etfw\" rel=\"noopener noreferrer\">#BibliotecasUniversit\u00e1rias<\/a>  <a target=\"_blank\" href=\"https:\/\/twitter.com\/hashtag\/LivrosCI?src=hash&amp;ref_src=twsrc%5Etfw\" rel=\"noopener noreferrer\">#LivrosCI<\/a> <a target=\"_blank\" href=\"https:\/\/t.co\/7QsgPDTlGG\" rel=\"noopener noreferrer\">https:\/\/t.co\/7QsgPDTlGG<\/a> <a target=\"_blank\" href=\"https:\/\/t.co\/VTzuR2ZDvU\" rel=\"noopener noreferrer\">pic.twitter.com\/VTzuR2ZDvU<\/a><\/p>\n<p>&mdash; Pedro Andretta (@pedroisandretta) <a target=\"_blank\" href=\"https:\/\/twitter.com\/pedroisandretta\/status\/1347683539341504512?ref_src=twsrc%5Etfw\" rel=\"noopener noreferrer\">January 8, 2021<\/a><\/p><\/blockquote>\n<p><script async src=\"https:\/\/platform.twitter.com\/widgets.js\" charset=\"utf-8\"><\/script><\/p>\n<p>[ad_2]<br \/>\n<br \/><a href=\"https:\/\/twitter.com\/pedroisandretta\/statuses\/1347683539341504512\">Fonte<\/a> : Projeto <a href=\"https:\/\/www.pedroandretta.info\/informeci\">Informe-CI<\/a><\/p>\n","protected":false},"excerpt":{"rendered":"<p>[ad_1] E-book: Bibliotecas e Hibridez, organizado por Ros\u00e2ngela F. Caldas e Rafaela Carolina da Silva l #BibliotecasH\u00edbridas #BibliotecasAlternativas #BibliotecasEscolares #BibliotecasP\u00fablicas #BibliotecasEspecializadas #BibliotecasUniversit\u00e1rias #LivrosCI https:\/\/t.co\/7QsgPDTlGG pic.twitter.com\/VTzuR2ZDvU &mdash; Pedro Andretta (@pedroisandretta) January 8, 2021 [ad_2] Fonte : Projeto Informe-CI<\/p>\n","protected":false},"author":1,"featured_media":8767,"comment_status":"open","ping_status":"open","sticky":false,"template":"","format":"standard","meta":{"_jetpack_memberships_contains_paid_content":false,"footnotes":"","jetpack_publicize_message":"","jetpack_publicize_feature_enabled":true,"jetpack_social_post_already_shared":true,"jetpack_social_options":{"image_generator_settings":{"template":"highway","default_image_id":0,"font":"","enabled":false},"version":2}},"categories":[21],"tags":[1832,79,1833,1831,39,114,1733],"class_list":["post-8766","post","type-post","status-publish","format-standard","has-post-thumbnail","hentry","category-informeci","tag-bibliotecasalternativas","tag-bibliotecasescolares","tag-bibliotecasespecializadas","tag-bibliotecashibridas","tag-bibliotecaspublicas","tag-bibliotecasuniversitarias","tag-livrosci"],"jetpack_publicize_connections":[],"jetpack_featured_media_url":"https:\/\/i0.wp.com\/www.pedroandretta.info\/index\/wp-content\/uploads\/2021\/01\/E-book-Bibliotecas-e-Hibridez-organizado-por-Rosangela-F-Caldas-e.jpg?fit=555%2C863&ssl=1","views":"","jetpack_sharing_enabled":true,"_links":{"self":[{"href":"https:\/\/www.pedroandretta.info\/index\/wp-json\/wp\/v2\/posts\/8766","targetHints":{"allow":["GET"]}}],"collection":[{"href":"https:\/\/www.pedroandretta.info\/index\/wp-json\/wp\/v2\/posts"}],"about":[{"href":"https:\/\/www.pedroandretta.info\/index\/wp-json\/wp\/v2\/types\/post"}],"author":[{"embeddable":true,"href":"https:\/\/www.pedroandretta.info\/index\/wp-json\/wp\/v2\/users\/1"}],"replies":[{"embeddable":true,"href":"https:\/\/www.pedroandretta.info\/index\/wp-json\/wp\/v2\/comments?post=8766"}],"version-history":[{"count":0,"href":"https:\/\/www.pedroandretta.info\/index\/wp-json\/wp\/v2\/posts\/8766\/revisions"}],"wp:featuredmedia":[{"embeddable":true,"href":"https:\/\/www.pedroandretta.info\/index\/wp-json\/wp\/v2\/media\/8767"}],"wp:attachment":[{"href":"https:\/\/www.pedroandretta.info\/index\/wp-json\/wp\/v2\/media?parent=8766"}],"wp:term":[{"taxonomy":"category","embeddable":true,"href":"https:\/\/www.pedroandretta.info\/index\/wp-json\/wp\/v2\/categories?post=8766"},{"taxonomy":"post_tag","embeddable":true,"href":"https:\/\/www.pedroandretta.info\/index\/wp-json\/wp\/v2\/tags?post=8766"}],"curies":[{"name":"wp","href":"https:\/\/api.w.org\/{rel}","templated":true}]}}