{"id":8778,"date":"2021-01-09T14:16:21","date_gmt":"2021-01-09T18:16:21","guid":{"rendered":"https:\/\/www.pedroandretta.info\/index\/?p=8778"},"modified":"2021-01-09T14:16:21","modified_gmt":"2021-01-09T18:16:21","slug":"twitter-bane-permanentemente-conta-de-donald-trump-l-na-avaliacao-da-plataforma","status":"publish","type":"post","link":"https:\/\/www.pedroandretta.info\/index\/2021\/01\/twitter-bane-permanentemente-conta-de-donald-trump-l-na-avaliacao-da-plataforma\/","title":{"rendered":"Twitter bane permanentemente conta de Donald Trump l \u201cNa avalia\u00e7\u00e3o da plataforma&#8230;"},"content":{"rendered":"<p>[ad_1]<\/p>\n<blockquote class=\"twitter-tweet\">\n<p lang=\"pt\" dir=\"ltr\">Twitter bane permanentemente conta de Donald Trump l \u201cNa avalia\u00e7\u00e3o da plataforma, a conta <a target=\"_blank\" href=\"https:\/\/twitter.com\/realDonaldTrump?ref_src=twsrc%5Etfw\" rel=\"noopener noreferrer\">@realDonaldTrump<\/a> foi suspensa por promover \u201crisco de mais incita\u00e7\u00e3o \u00e0 viol\u00eancia\u201d. (Sabe o que eu acho? Eu acho \u00e9 pouco!) <a target=\"_blank\" href=\"https:\/\/twitter.com\/hashtag\/Twitter?src=hash&amp;ref_src=twsrc%5Etfw\" rel=\"noopener noreferrer\">#Twitter<\/a> via Olhar Digital <a target=\"_blank\" href=\"https:\/\/t.co\/QQaekLmkWT\" rel=\"noopener noreferrer\">https:\/\/t.co\/QQaekLmkWT<\/a><\/p>\n<p>&mdash; Pedro Andretta (@pedroisandretta) <a target=\"_blank\" href=\"https:\/\/twitter.com\/pedroisandretta\/status\/1347970480800731137?ref_src=twsrc%5Etfw\" rel=\"noopener noreferrer\">January 9, 2021<\/a><\/p><\/blockquote>\n<p><script async src=\"https:\/\/platform.twitter.com\/widgets.js\" charset=\"utf-8\"><\/script><\/p>\n<p>[ad_2]<br \/>\n<br \/><a href=\"https:\/\/twitter.com\/pedroisandretta\/statuses\/1347970480800731137\">Fonte<\/a> : Projeto <a href=\"https:\/\/www.pedroandretta.info\/informeci\">Informe-CI<\/a><\/p>\n","protected":false},"excerpt":{"rendered":"<p>[ad_1] Twitter bane permanentemente conta de Donald Trump l \u201cNa avalia\u00e7\u00e3o da plataforma, a conta @realDonaldTrump foi suspensa por promover \u201crisco de mais incita\u00e7\u00e3o \u00e0 viol\u00eancia\u201d. (Sabe o que eu acho? Eu acho \u00e9 pouco!) #Twitter via Olhar Digital https:\/\/t.co\/QQaekLmkWT &mdash; Pedro Andretta (@pedroisandretta) January 9, 2021 [ad_2] Fonte : Projeto Informe-CI<\/p>\n","protected":false},"author":1,"featured_media":0,"comment_status":"open","ping_status":"open","sticky":false,"template":"","format":"standard","meta":{"_jetpack_memberships_contains_paid_content":false,"footnotes":"","jetpack_publicize_message":"","jetpack_publicize_feature_enabled":true,"jetpack_social_post_already_shared":true,"jetpack_social_options":{"image_generator_settings":{"template":"highway","default_image_id":0,"font":"","enabled":false},"version":2}},"categories":[21],"tags":[167],"class_list":["post-8778","post","type-post","status-publish","format-standard","hentry","category-informeci","tag-twitter"],"jetpack_publicize_connections":[],"jetpack_featured_media_url":"","views":"","jetpack_sharing_enabled":true,"_links":{"self":[{"href":"https:\/\/www.pedroandretta.info\/index\/wp-json\/wp\/v2\/posts\/8778","targetHints":{"allow":["GET"]}}],"collection":[{"href":"https:\/\/www.pedroandretta.info\/index\/wp-json\/wp\/v2\/posts"}],"about":[{"href":"https:\/\/www.pedroandretta.info\/index\/wp-json\/wp\/v2\/types\/post"}],"author":[{"embeddable":true,"href":"https:\/\/www.pedroandretta.info\/index\/wp-json\/wp\/v2\/users\/1"}],"replies":[{"embeddable":true,"href":"https:\/\/www.pedroandretta.info\/index\/wp-json\/wp\/v2\/comments?post=8778"}],"version-history":[{"count":0,"href":"https:\/\/www.pedroandretta.info\/index\/wp-json\/wp\/v2\/posts\/8778\/revisions"}],"wp:attachment":[{"href":"https:\/\/www.pedroandretta.info\/index\/wp-json\/wp\/v2\/media?parent=8778"}],"wp:term":[{"taxonomy":"category","embeddable":true,"href":"https:\/\/www.pedroandretta.info\/index\/wp-json\/wp\/v2\/categories?post=8778"},{"taxonomy":"post_tag","embeddable":true,"href":"https:\/\/www.pedroandretta.info\/index\/wp-json\/wp\/v2\/tags?post=8778"}],"curies":[{"name":"wp","href":"https:\/\/api.w.org\/{rel}","templated":true}]}}