{"id":8798,"date":"2021-01-11T17:15:45","date_gmt":"2021-01-11T21:15:45","guid":{"rendered":"https:\/\/www.pedroandretta.info\/index\/?p=8798"},"modified":"2021-01-11T17:15:45","modified_gmt":"2021-01-11T21:15:45","slug":"conarq-abre-consulta-publica-visando-a-atualizacao-do-e-arq-brasil-l-ate-31-01","status":"publish","type":"post","link":"https:\/\/www.pedroandretta.info\/index\/2021\/01\/conarq-abre-consulta-publica-visando-a-atualizacao-do-e-arq-brasil-l-ate-31-01\/","title":{"rendered":"CONARQ abre consulta p\u00fablica visando a atualiza\u00e7\u00e3o do e-ARQ Brasil l At\u00e9 31\/01, &#8230;"},"content":{"rendered":"<p>[ad_1]<\/p>\n<blockquote class=\"twitter-tweet\">\n<p lang=\"pt\" dir=\"ltr\">CONARQ abre consulta p\u00fablica visando a atualiza\u00e7\u00e3o do e-ARQ Brasil l At\u00e9 31\/01, <a target=\"_blank\" href=\"https:\/\/twitter.com\/hashtag\/Conarq?src=hash&amp;ref_src=twsrc%5Etfw\" rel=\"noopener noreferrer\">#Conarq<\/a> recebe proposta da vers\u00e3o 2 do Modelo de Requisitos para Sistemas Informatizados de Gest\u00e3o Arquiv\u00edstica de Documentos &#8211; e-ARQ. via Brasil Portal Information Management <a target=\"_blank\" href=\"https:\/\/t.co\/eSamhbBtC5\" rel=\"noopener noreferrer\">https:\/\/t.co\/eSamhbBtC5<\/a><\/p>\n<p>&mdash; Pedro Andretta (@pedroisandretta) <a target=\"_blank\" href=\"https:\/\/twitter.com\/pedroisandretta\/status\/1348740404305387521?ref_src=twsrc%5Etfw\" rel=\"noopener noreferrer\">January 11, 2021<\/a><\/p><\/blockquote>\n<p><script async src=\"https:\/\/platform.twitter.com\/widgets.js\" charset=\"utf-8\"><\/script><\/p>\n<p>[ad_2]<br \/>\n<br \/><a href=\"https:\/\/twitter.com\/pedroisandretta\/statuses\/1348740404305387521\">Fonte<\/a> : Projeto <a href=\"https:\/\/www.pedroandretta.info\/informeci\">Informe-CI<\/a><\/p>\n","protected":false},"excerpt":{"rendered":"<p>[ad_1] CONARQ abre consulta p\u00fablica visando a atualiza\u00e7\u00e3o do e-ARQ Brasil l At\u00e9 31\/01, #Conarq recebe proposta da vers\u00e3o 2 do Modelo de Requisitos para Sistemas Informatizados de Gest\u00e3o Arquiv\u00edstica de Documentos &#8211; e-ARQ. via Brasil Portal Information Management https:\/\/t.co\/eSamhbBtC5 &mdash; Pedro Andretta (@pedroisandretta) January 11, 2021 [ad_2] Fonte : Projeto Informe-CI<\/p>\n","protected":false},"author":1,"featured_media":0,"comment_status":"open","ping_status":"open","sticky":false,"template":"","format":"standard","meta":{"_jetpack_memberships_contains_paid_content":false,"footnotes":"","jetpack_publicize_message":"","jetpack_publicize_feature_enabled":true,"jetpack_social_post_already_shared":true,"jetpack_social_options":{"image_generator_settings":{"template":"highway","default_image_id":0,"font":"","enabled":false},"version":2}},"categories":[21],"tags":[519],"class_list":["post-8798","post","type-post","status-publish","format-standard","hentry","category-informeci","tag-conarq"],"jetpack_publicize_connections":[],"jetpack_featured_media_url":"","views":"","jetpack_sharing_enabled":true,"_links":{"self":[{"href":"https:\/\/www.pedroandretta.info\/index\/wp-json\/wp\/v2\/posts\/8798","targetHints":{"allow":["GET"]}}],"collection":[{"href":"https:\/\/www.pedroandretta.info\/index\/wp-json\/wp\/v2\/posts"}],"about":[{"href":"https:\/\/www.pedroandretta.info\/index\/wp-json\/wp\/v2\/types\/post"}],"author":[{"embeddable":true,"href":"https:\/\/www.pedroandretta.info\/index\/wp-json\/wp\/v2\/users\/1"}],"replies":[{"embeddable":true,"href":"https:\/\/www.pedroandretta.info\/index\/wp-json\/wp\/v2\/comments?post=8798"}],"version-history":[{"count":0,"href":"https:\/\/www.pedroandretta.info\/index\/wp-json\/wp\/v2\/posts\/8798\/revisions"}],"wp:attachment":[{"href":"https:\/\/www.pedroandretta.info\/index\/wp-json\/wp\/v2\/media?parent=8798"}],"wp:term":[{"taxonomy":"category","embeddable":true,"href":"https:\/\/www.pedroandretta.info\/index\/wp-json\/wp\/v2\/categories?post=8798"},{"taxonomy":"post_tag","embeddable":true,"href":"https:\/\/www.pedroandretta.info\/index\/wp-json\/wp\/v2\/tags?post=8798"}],"curies":[{"name":"wp","href":"https:\/\/api.w.org\/{rel}","templated":true}]}}