{"id":8804,"date":"2021-01-12T08:56:58","date_gmt":"2021-01-12T12:56:58","guid":{"rendered":"https:\/\/www.pedroandretta.info\/index\/?p=8804"},"modified":"2021-01-12T08:56:58","modified_gmt":"2021-01-12T12:56:58","slug":"a-analise-critica-do-discurso-como-ferramenta-de-reflexao-para-o-ensino-da-coin","status":"publish","type":"post","link":"https:\/\/www.pedroandretta.info\/index\/2021\/01\/a-analise-critica-do-discurso-como-ferramenta-de-reflexao-para-o-ensino-da-coin\/","title":{"rendered":"A an\u00e1lise cr\u00edtica do discurso como ferramenta de reflex\u00e3o para o ensino da #Coin&#8230;"},"content":{"rendered":"<p>[ad_1]<\/p>\n<blockquote class=\"twitter-tweet\">\n<p lang=\"pt\" dir=\"ltr\">A an\u00e1lise cr\u00edtica do discurso como ferramenta de reflex\u00e3o para o ensino da <a target=\"_blank\" href=\"https:\/\/twitter.com\/hashtag\/Coinfo?src=hash&amp;ref_src=twsrc%5Etfw\" rel=\"noopener noreferrer\">#Coinfo<\/a> l Artigo bem interessante para pensar as capacita\u00e7\u00f5es de estudantes a partir das compreens\u00f5es de Fairclough e  Paulo Freire! Tem ap\u00eandice com \u201dguia\u201d! <a target=\"_blank\" href=\"https:\/\/twitter.com\/hashtag\/An%C3%A1liseDoDiscurso?src=hash&amp;ref_src=twsrc%5Etfw\" rel=\"noopener noreferrer\">#An\u00e1liseDoDiscurso<\/a> <a target=\"_blank\" href=\"https:\/\/t.co\/0r5CqPYWf9\" rel=\"noopener noreferrer\">https:\/\/t.co\/0r5CqPYWf9<\/a> <a target=\"_blank\" href=\"https:\/\/t.co\/4oKvWoPaoY\" rel=\"noopener noreferrer\">pic.twitter.com\/4oKvWoPaoY<\/a><\/p>\n<p>&mdash; Pedro Andretta (@pedroisandretta) <a target=\"_blank\" href=\"https:\/\/twitter.com\/pedroisandretta\/status\/1348977271495913472?ref_src=twsrc%5Etfw\" rel=\"noopener noreferrer\">January 12, 2021<\/a><\/p><\/blockquote>\n<p><script async src=\"https:\/\/platform.twitter.com\/widgets.js\" charset=\"utf-8\"><\/script><\/p>\n<p>[ad_2]<br \/>\n<br \/><a href=\"https:\/\/twitter.com\/pedroisandretta\/statuses\/1348977271495913472\">Fonte<\/a> : Projeto <a href=\"https:\/\/www.pedroandretta.info\/informeci\">Informe-CI<\/a><\/p>\n","protected":false},"excerpt":{"rendered":"<p>[ad_1] A an\u00e1lise cr\u00edtica do discurso como ferramenta de reflex\u00e3o para o ensino da #Coinfo l Artigo bem interessante para pensar as capacita\u00e7\u00f5es de estudantes a partir das compreens\u00f5es de Fairclough e Paulo Freire! Tem ap\u00eandice com \u201dguia\u201d! #An\u00e1liseDoDiscurso https:\/\/t.co\/0r5CqPYWf9 pic.twitter.com\/4oKvWoPaoY &mdash; Pedro Andretta (@pedroisandretta) January 12, 2021 [ad_2] Fonte : Projeto Informe-CI<\/p>\n","protected":false},"author":1,"featured_media":8805,"comment_status":"open","ping_status":"open","sticky":false,"template":"","format":"standard","meta":{"_jetpack_memberships_contains_paid_content":false,"footnotes":"","jetpack_publicize_message":"","jetpack_publicize_feature_enabled":true,"jetpack_social_post_already_shared":true,"jetpack_social_options":{"image_generator_settings":{"template":"highway","default_image_id":0,"font":"","enabled":false},"version":2}},"categories":[21],"tags":[1427,46],"class_list":["post-8804","post","type-post","status-publish","format-standard","has-post-thumbnail","hentry","category-informeci","tag-analisedodiscurso","tag-coinfo"],"jetpack_publicize_connections":[],"jetpack_featured_media_url":"https:\/\/i0.wp.com\/www.pedroandretta.info\/index\/wp-content\/uploads\/2021\/01\/A-analise-critica-do-discurso-como-ferramenta-de-reflexao-para.jpg?fit=640%2C983&ssl=1","views":"","jetpack_sharing_enabled":true,"_links":{"self":[{"href":"https:\/\/www.pedroandretta.info\/index\/wp-json\/wp\/v2\/posts\/8804","targetHints":{"allow":["GET"]}}],"collection":[{"href":"https:\/\/www.pedroandretta.info\/index\/wp-json\/wp\/v2\/posts"}],"about":[{"href":"https:\/\/www.pedroandretta.info\/index\/wp-json\/wp\/v2\/types\/post"}],"author":[{"embeddable":true,"href":"https:\/\/www.pedroandretta.info\/index\/wp-json\/wp\/v2\/users\/1"}],"replies":[{"embeddable":true,"href":"https:\/\/www.pedroandretta.info\/index\/wp-json\/wp\/v2\/comments?post=8804"}],"version-history":[{"count":0,"href":"https:\/\/www.pedroandretta.info\/index\/wp-json\/wp\/v2\/posts\/8804\/revisions"}],"wp:featuredmedia":[{"embeddable":true,"href":"https:\/\/www.pedroandretta.info\/index\/wp-json\/wp\/v2\/media\/8805"}],"wp:attachment":[{"href":"https:\/\/www.pedroandretta.info\/index\/wp-json\/wp\/v2\/media?parent=8804"}],"wp:term":[{"taxonomy":"category","embeddable":true,"href":"https:\/\/www.pedroandretta.info\/index\/wp-json\/wp\/v2\/categories?post=8804"},{"taxonomy":"post_tag","embeddable":true,"href":"https:\/\/www.pedroandretta.info\/index\/wp-json\/wp\/v2\/tags?post=8804"}],"curies":[{"name":"wp","href":"https:\/\/api.w.org\/{rel}","templated":true}]}}