{"id":8821,"date":"2021-01-13T15:52:52","date_gmt":"2021-01-13T19:52:52","guid":{"rendered":"https:\/\/www.pedroandretta.info\/index\/?p=8821"},"modified":"2021-01-13T15:52:52","modified_gmt":"2021-01-13T19:52:52","slug":"associacao-de-escritores-e-ilustradores-infantis-e-juvenis-lanca-seu-7o-anuario","status":"publish","type":"post","link":"https:\/\/www.pedroandretta.info\/index\/2021\/01\/associacao-de-escritores-e-ilustradores-infantis-e-juvenis-lanca-seu-7o-anuario\/","title":{"rendered":"Associa\u00e7\u00e3o de Escritores e Ilustradores Infantis e Juvenis  lan\u00e7a seu 7\u00ba anu\u00e1rio&#8230;"},"content":{"rendered":"<p>[ad_1]<\/p>\n<blockquote class=\"twitter-tweet\">\n<p lang=\"pt\" dir=\"ltr\">Associa\u00e7\u00e3o de Escritores e Ilustradores Infantis e Juvenis  lan\u00e7a seu 7\u00ba anu\u00e1rio com obras infantis e juvenis | Publica\u00e7\u00e3o re\u00fane as sinopses e dados gerais de cada obra dos associados al\u00e9m de trazer uma entrevista com Marisa Lajolo. <a target=\"_blank\" href=\"https:\/\/twitter.com\/hashtag\/LiteraturaInfantil?src=hash&amp;ref_src=twsrc%5Etfw\" rel=\"noopener noreferrer\">#LiteraturaInfantil<\/a>  <a target=\"_blank\" href=\"https:\/\/t.co\/6kFrKCGluW\" rel=\"noopener noreferrer\">https:\/\/t.co\/6kFrKCGluW<\/a><\/p>\n<p>&mdash; Pedro Andretta (@pedroisandretta) <a target=\"_blank\" href=\"https:\/\/twitter.com\/pedroisandretta\/status\/1349444320584212482?ref_src=twsrc%5Etfw\" rel=\"noopener noreferrer\">January 13, 2021<\/a><\/p><\/blockquote>\n<p><script async src=\"https:\/\/platform.twitter.com\/widgets.js\" charset=\"utf-8\"><\/script><\/p>\n<p>[ad_2]<br \/>\n<br \/><a href=\"https:\/\/twitter.com\/pedroisandretta\/statuses\/1349444320584212482\">Fonte<\/a> : Projeto <a href=\"https:\/\/www.pedroandretta.info\/informeci\">Informe-CI<\/a><\/p>\n","protected":false},"excerpt":{"rendered":"<p>[ad_1] Associa\u00e7\u00e3o de Escritores e Ilustradores Infantis e Juvenis lan\u00e7a seu 7\u00ba anu\u00e1rio com obras infantis e juvenis | Publica\u00e7\u00e3o re\u00fane as sinopses e dados gerais de cada obra dos associados al\u00e9m de trazer uma entrevista com Marisa Lajolo. #LiteraturaInfantil https:\/\/t.co\/6kFrKCGluW &mdash; Pedro Andretta (@pedroisandretta) January 13, 2021 [ad_2] Fonte : Projeto Informe-CI<\/p>\n","protected":false},"author":1,"featured_media":0,"comment_status":"open","ping_status":"open","sticky":false,"template":"","format":"standard","meta":{"_jetpack_memberships_contains_paid_content":false,"footnotes":"","jetpack_publicize_message":"","jetpack_publicize_feature_enabled":true,"jetpack_social_post_already_shared":true,"jetpack_social_options":{"image_generator_settings":{"template":"highway","default_image_id":0,"font":"","enabled":false},"version":2}},"categories":[21],"tags":[827],"class_list":["post-8821","post","type-post","status-publish","format-standard","hentry","category-informeci","tag-literaturainfantil"],"jetpack_publicize_connections":[],"jetpack_featured_media_url":"","views":"","jetpack_sharing_enabled":true,"_links":{"self":[{"href":"https:\/\/www.pedroandretta.info\/index\/wp-json\/wp\/v2\/posts\/8821","targetHints":{"allow":["GET"]}}],"collection":[{"href":"https:\/\/www.pedroandretta.info\/index\/wp-json\/wp\/v2\/posts"}],"about":[{"href":"https:\/\/www.pedroandretta.info\/index\/wp-json\/wp\/v2\/types\/post"}],"author":[{"embeddable":true,"href":"https:\/\/www.pedroandretta.info\/index\/wp-json\/wp\/v2\/users\/1"}],"replies":[{"embeddable":true,"href":"https:\/\/www.pedroandretta.info\/index\/wp-json\/wp\/v2\/comments?post=8821"}],"version-history":[{"count":0,"href":"https:\/\/www.pedroandretta.info\/index\/wp-json\/wp\/v2\/posts\/8821\/revisions"}],"wp:attachment":[{"href":"https:\/\/www.pedroandretta.info\/index\/wp-json\/wp\/v2\/media?parent=8821"}],"wp:term":[{"taxonomy":"category","embeddable":true,"href":"https:\/\/www.pedroandretta.info\/index\/wp-json\/wp\/v2\/categories?post=8821"},{"taxonomy":"post_tag","embeddable":true,"href":"https:\/\/www.pedroandretta.info\/index\/wp-json\/wp\/v2\/tags?post=8821"}],"curies":[{"name":"wp","href":"https:\/\/api.w.org\/{rel}","templated":true}]}}