{"id":8843,"date":"2021-01-15T18:05:25","date_gmt":"2021-01-15T22:05:25","guid":{"rendered":"https:\/\/www.pedroandretta.info\/index\/?p=8843"},"modified":"2021-01-15T18:05:25","modified_gmt":"2021-01-15T22:05:25","slug":"enem-2020-deve-acentuar-desigualdades-socioeconomicas-l-quase-5-milhoes-de-cri","status":"publish","type":"post","link":"https:\/\/www.pedroandretta.info\/index\/2021\/01\/enem-2020-deve-acentuar-desigualdades-socioeconomicas-l-quase-5-milhoes-de-cri\/","title":{"rendered":"Enem 2020 deve acentuar #desigualdades socioecon\u00f4micas l \u201cQuase 5 milh\u00f5es de cri&#8230;"},"content":{"rendered":"<p>[ad_1]<br \/>\n<img data-recalc-dims=\"1\" decoding=\"async\" src=\"https:\/\/i0.wp.com\/www.pedroandretta.info\/index\/wp-content\/uploads\/2021\/01\/Enem-2020-deve-acentuar-desigualdades-socioeconomicas-l-Quase-5-milhoes.jpg?w=696&#038;ssl=1\"\/><\/p>\n<blockquote class=\"twitter-tweet\">\n<p lang=\"pt\" dir=\"ltr\">Enem 2020 deve acentuar <a target=\"_blank\" href=\"https:\/\/twitter.com\/hashtag\/desigualdades?src=hash&amp;ref_src=twsrc%5Etfw\" rel=\"noopener noreferrer\">#desigualdades<\/a> socioecon\u00f4micas l \u201cQuase 5 milh\u00f5es de crian\u00e7as e adolescentes brasileiros vivem em casas sem acesso a internet. N\u00famero que corresponde a 18 por cento da popula\u00e7\u00e3o do pa\u00eds entre 9 e 17 anos.\u201d <a target=\"_blank\" href=\"https:\/\/twitter.com\/hashtag\/ENEM?src=hash&amp;ref_src=twsrc%5Etfw\" rel=\"noopener noreferrer\">#ENEM<\/a> <a target=\"_blank\" href=\"https:\/\/twitter.com\/hashtag\/AdiaENEM?src=hash&amp;ref_src=twsrc%5Etfw\" rel=\"noopener noreferrer\">#AdiaENEM<\/a> via UFMG <a target=\"_blank\" href=\"https:\/\/t.co\/5CfSjVXx0K\" rel=\"noopener noreferrer\">https:\/\/t.co\/5CfSjVXx0K<\/a><\/p>\n<p>&mdash; Pedro Andretta (@pedroisandretta) <a target=\"_blank\" href=\"https:\/\/twitter.com\/pedroisandretta\/status\/1350202455292846083?ref_src=twsrc%5Etfw\" rel=\"noopener noreferrer\">January 15, 2021<\/a><\/p><\/blockquote>\n<p><script async src=\"https:\/\/platform.twitter.com\/widgets.js\" charset=\"utf-8\"><\/script><\/p>\n<p>[ad_2]<br \/>\n<br \/><a href=\"https:\/\/twitter.com\/pedroisandretta\/statuses\/1350202455292846083\">Fonte<\/a> : Projeto <a href=\"https:\/\/www.pedroandretta.info\/informeci\">Informe-CI<\/a><\/p>\n","protected":false},"excerpt":{"rendered":"<p>[ad_1] Enem 2020 deve acentuar #desigualdades socioecon\u00f4micas l \u201cQuase 5 milh\u00f5es de crian\u00e7as e adolescentes brasileiros vivem em casas sem acesso a internet. N\u00famero que corresponde a 18 por cento da popula\u00e7\u00e3o do pa\u00eds entre 9 e 17 anos.\u201d #ENEM #AdiaENEM via UFMG https:\/\/t.co\/5CfSjVXx0K &mdash; Pedro Andretta (@pedroisandretta) January 15, 2021 [ad_2] Fonte : Projeto<\/p><\/div>\n<div class=\"blog-btn\"><a href=\"https:\/\/www.pedroandretta.info\/index\/2021\/01\/enem-2020-deve-acentuar-desigualdades-socioeconomicas-l-quase-5-milhoes-de-cri\/\" class=\"home-blog-btn\">Ler mais<\/a><\/p>\n","protected":false},"author":1,"featured_media":8844,"comment_status":"open","ping_status":"open","sticky":false,"template":"","format":"standard","meta":{"_jetpack_memberships_contains_paid_content":false,"footnotes":"","jetpack_publicize_message":"","jetpack_publicize_feature_enabled":true,"jetpack_social_post_already_shared":true,"jetpack_social_options":{"image_generator_settings":{"template":"highway","default_image_id":0,"font":"","enabled":false},"version":2}},"categories":[21],"tags":[1845,349,1331],"class_list":["post-8843","post","type-post","status-publish","format-standard","has-post-thumbnail","hentry","category-informeci","tag-adiaenem","tag-desigualdade","tag-enem"],"jetpack_publicize_connections":[],"jetpack_featured_media_url":"https:\/\/i0.wp.com\/www.pedroandretta.info\/index\/wp-content\/uploads\/2021\/01\/Enem-2020-deve-acentuar-desigualdades-socioeconomicas-l-Quase-5-milhoes.jpg?fit=300%2C200&ssl=1","views":"","jetpack_sharing_enabled":true,"_links":{"self":[{"href":"https:\/\/www.pedroandretta.info\/index\/wp-json\/wp\/v2\/posts\/8843","targetHints":{"allow":["GET"]}}],"collection":[{"href":"https:\/\/www.pedroandretta.info\/index\/wp-json\/wp\/v2\/posts"}],"about":[{"href":"https:\/\/www.pedroandretta.info\/index\/wp-json\/wp\/v2\/types\/post"}],"author":[{"embeddable":true,"href":"https:\/\/www.pedroandretta.info\/index\/wp-json\/wp\/v2\/users\/1"}],"replies":[{"embeddable":true,"href":"https:\/\/www.pedroandretta.info\/index\/wp-json\/wp\/v2\/comments?post=8843"}],"version-history":[{"count":0,"href":"https:\/\/www.pedroandretta.info\/index\/wp-json\/wp\/v2\/posts\/8843\/revisions"}],"wp:featuredmedia":[{"embeddable":true,"href":"https:\/\/www.pedroandretta.info\/index\/wp-json\/wp\/v2\/media\/8844"}],"wp:attachment":[{"href":"https:\/\/www.pedroandretta.info\/index\/wp-json\/wp\/v2\/media?parent=8843"}],"wp:term":[{"taxonomy":"category","embeddable":true,"href":"https:\/\/www.pedroandretta.info\/index\/wp-json\/wp\/v2\/categories?post=8843"},{"taxonomy":"post_tag","embeddable":true,"href":"https:\/\/www.pedroandretta.info\/index\/wp-json\/wp\/v2\/tags?post=8843"}],"curies":[{"name":"wp","href":"https:\/\/api.w.org\/{rel}","templated":true}]}}