{"id":8884,"date":"2021-01-18T16:15:27","date_gmt":"2021-01-18T20:15:27","guid":{"rendered":"https:\/\/www.pedroandretta.info\/index\/?p=8884"},"modified":"2021-01-18T16:15:27","modified_gmt":"2021-01-18T20:15:27","slug":"contos-de-fadas-para-o-bem-estar-mental-dos-mais-novos-l-estas-historias-sao-o","status":"publish","type":"post","link":"https:\/\/www.pedroandretta.info\/index\/2021\/01\/contos-de-fadas-para-o-bem-estar-mental-dos-mais-novos-l-estas-historias-sao-o\/","title":{"rendered":"Contos de fadas para o bem-estar mental dos mais novos l \u201cEstas hist\u00f3rias s\u00e3o o &#8230;"},"content":{"rendered":"<p>[ad_1]<\/p>\n<blockquote class=\"twitter-tweet\">\n<p lang=\"pt\" dir=\"ltr\">Contos de fadas para o bem-estar mental dos mais novos l \u201cEstas hist\u00f3rias s\u00e3o o motor do projeto \u2018Somos o que Brincamos\u2019, mote da campanha de Portugal, que vai mostrar a import\u00e2ncia dos <a target=\"_blank\" href=\"https:\/\/twitter.com\/hashtag\/ContosDeFadas?src=hash&amp;ref_src=twsrc%5Etfw\" rel=\"noopener noreferrer\">#ContosDeFadas<\/a> na promo\u00e7\u00e3o da <a target=\"_blank\" href=\"https:\/\/twitter.com\/hashtag\/Sa%C3%BAdeMental?src=hash&amp;ref_src=twsrc%5Etfw\" rel=\"noopener noreferrer\">#Sa\u00fadeMental<\/a> infantil.\u201d via Educare <a target=\"_blank\" href=\"https:\/\/t.co\/ht0vibWnVn\" rel=\"noopener noreferrer\">https:\/\/t.co\/ht0vibWnVn<\/a><\/p>\n<p>&mdash; Pedro Andretta (@pedroisandretta) <a target=\"_blank\" href=\"https:\/\/twitter.com\/pedroisandretta\/status\/1351261946046271491?ref_src=twsrc%5Etfw\" rel=\"noopener noreferrer\">January 18, 2021<\/a><\/p><\/blockquote>\n<p><script async src=\"https:\/\/platform.twitter.com\/widgets.js\" charset=\"utf-8\"><\/script><\/p>\n<p>[ad_2]<br \/>\n<br \/><a href=\"https:\/\/twitter.com\/pedroisandretta\/statuses\/1351261946046271491\">Fonte<\/a> : Projeto <a href=\"https:\/\/www.pedroandretta.info\/informeci\">Informe-CI<\/a><\/p>\n","protected":false},"excerpt":{"rendered":"<p>[ad_1] Contos de fadas para o bem-estar mental dos mais novos l \u201cEstas hist\u00f3rias s\u00e3o o motor do projeto \u2018Somos o que Brincamos\u2019, mote da campanha de Portugal, que vai mostrar a import\u00e2ncia dos #ContosDeFadas na promo\u00e7\u00e3o da #Sa\u00fadeMental infantil.\u201d via Educare https:\/\/t.co\/ht0vibWnVn &mdash; Pedro Andretta (@pedroisandretta) January 18, 2021 [ad_2] Fonte : Projeto Informe-CI<\/p>\n","protected":false},"author":1,"featured_media":0,"comment_status":"open","ping_status":"open","sticky":false,"template":"","format":"standard","meta":{"_jetpack_memberships_contains_paid_content":false,"footnotes":"","jetpack_publicize_message":"","jetpack_publicize_feature_enabled":true,"jetpack_social_post_already_shared":true,"jetpack_social_options":{"image_generator_settings":{"template":"highway","default_image_id":0,"font":"","enabled":false},"version":2}},"categories":[21],"tags":[1861,1856],"class_list":["post-8884","post","type-post","status-publish","format-standard","hentry","category-informeci","tag-contosdefadas","tag-saudemental"],"jetpack_publicize_connections":[],"jetpack_featured_media_url":"","views":"","jetpack_sharing_enabled":true,"_links":{"self":[{"href":"https:\/\/www.pedroandretta.info\/index\/wp-json\/wp\/v2\/posts\/8884","targetHints":{"allow":["GET"]}}],"collection":[{"href":"https:\/\/www.pedroandretta.info\/index\/wp-json\/wp\/v2\/posts"}],"about":[{"href":"https:\/\/www.pedroandretta.info\/index\/wp-json\/wp\/v2\/types\/post"}],"author":[{"embeddable":true,"href":"https:\/\/www.pedroandretta.info\/index\/wp-json\/wp\/v2\/users\/1"}],"replies":[{"embeddable":true,"href":"https:\/\/www.pedroandretta.info\/index\/wp-json\/wp\/v2\/comments?post=8884"}],"version-history":[{"count":0,"href":"https:\/\/www.pedroandretta.info\/index\/wp-json\/wp\/v2\/posts\/8884\/revisions"}],"wp:attachment":[{"href":"https:\/\/www.pedroandretta.info\/index\/wp-json\/wp\/v2\/media?parent=8884"}],"wp:term":[{"taxonomy":"category","embeddable":true,"href":"https:\/\/www.pedroandretta.info\/index\/wp-json\/wp\/v2\/categories?post=8884"},{"taxonomy":"post_tag","embeddable":true,"href":"https:\/\/www.pedroandretta.info\/index\/wp-json\/wp\/v2\/tags?post=8884"}],"curies":[{"name":"wp","href":"https:\/\/api.w.org\/{rel}","templated":true}]}}