{"id":8885,"date":"2021-01-18T16:08:40","date_gmt":"2021-01-18T20:08:40","guid":{"rendered":"https:\/\/www.pedroandretta.info\/index\/?p=8885"},"modified":"2021-01-18T16:08:40","modified_gmt":"2021-01-18T20:08:40","slug":"toda-educacao-e-politica-mas-nem-todos-os-seus-problemas-podem-ser-resolvidos","status":"publish","type":"post","link":"https:\/\/www.pedroandretta.info\/index\/2021\/01\/toda-educacao-e-politica-mas-nem-todos-os-seus-problemas-podem-ser-resolvidos\/","title":{"rendered":"\u201cToda educa\u00e7\u00e3o \u00e9 pol\u00edtica, mas nem todos os seus problemas podem ser resolvidos &#8230;"},"content":{"rendered":"<p>[ad_1]<\/p>\n<blockquote class=\"twitter-tweet\">\n<p lang=\"pt\" dir=\"ltr\">\u201cToda educa\u00e7\u00e3o \u00e9 pol\u00edtica, mas nem todos os seus problemas podem ser resolvidos a partir da pol\u00edtica institucional\u201d | <a target=\"_blank\" href=\"https:\/\/twitter.com\/hashtag\/Entrevista?src=hash&amp;ref_src=twsrc%5Etfw\" rel=\"noopener noreferrer\">#Entrevista<\/a> com a fil\u00f3sofa e professora Marina Garc\u00e9s, sobre seu livro, \u201cEscuela de Aprendices\u201d <a target=\"_blank\" href=\"https:\/\/twitter.com\/hashtag\/Educa%C3%A7%C3%A3o?src=hash&amp;ref_src=twsrc%5Etfw\" rel=\"noopener noreferrer\">#Educa\u00e7\u00e3o<\/a> \ud83c\uddea\ud83c\uddf8 via <a target=\"_blank\" href=\"https:\/\/t.co\/3y86QJyrRX\" rel=\"noopener noreferrer\">https:\/\/t.co\/3y86QJyrRX<\/a> <a target=\"_blank\" href=\"https:\/\/t.co\/dWjrlm3Wkg\" rel=\"noopener noreferrer\">https:\/\/t.co\/dWjrlm3Wkg<\/a><\/p>\n<p>&mdash; Pedro Andretta (@pedroisandretta) <a target=\"_blank\" href=\"https:\/\/twitter.com\/pedroisandretta\/status\/1351260238863872012?ref_src=twsrc%5Etfw\" rel=\"noopener noreferrer\">January 18, 2021<\/a><\/p><\/blockquote>\n<p><script async src=\"https:\/\/platform.twitter.com\/widgets.js\" charset=\"utf-8\"><\/script><\/p>\n<p>[ad_2]<br \/>\n<br \/><a href=\"https:\/\/twitter.com\/pedroisandretta\/statuses\/1351260238863872012\">Fonte<\/a> : Projeto <a href=\"https:\/\/www.pedroandretta.info\/informeci\">Informe-CI<\/a><\/p>\n","protected":false},"excerpt":{"rendered":"<p>[ad_1] \u201cToda educa\u00e7\u00e3o \u00e9 pol\u00edtica, mas nem todos os seus problemas podem ser resolvidos a partir da pol\u00edtica institucional\u201d | #Entrevista com a fil\u00f3sofa e professora Marina Garc\u00e9s, sobre seu livro, \u201cEscuela de Aprendices\u201d #Educa\u00e7\u00e3o \ud83c\uddea\ud83c\uddf8 via https:\/\/t.co\/3y86QJyrRX https:\/\/t.co\/dWjrlm3Wkg &mdash; Pedro Andretta (@pedroisandretta) January 18, 2021 [ad_2] Fonte : Projeto Informe-CI<\/p>\n","protected":false},"author":1,"featured_media":0,"comment_status":"open","ping_status":"open","sticky":false,"template":"","format":"standard","meta":{"_jetpack_memberships_contains_paid_content":false,"footnotes":"","jetpack_publicize_message":"","jetpack_publicize_feature_enabled":true,"jetpack_social_post_already_shared":true,"jetpack_social_options":{"image_generator_settings":{"template":"highway","default_image_id":0,"font":"","enabled":false},"version":2}},"categories":[21],"tags":[45,601],"class_list":["post-8885","post","type-post","status-publish","format-standard","hentry","category-informeci","tag-educacao","tag-entrevista"],"jetpack_publicize_connections":[],"jetpack_featured_media_url":"","views":"","jetpack_sharing_enabled":true,"_links":{"self":[{"href":"https:\/\/www.pedroandretta.info\/index\/wp-json\/wp\/v2\/posts\/8885","targetHints":{"allow":["GET"]}}],"collection":[{"href":"https:\/\/www.pedroandretta.info\/index\/wp-json\/wp\/v2\/posts"}],"about":[{"href":"https:\/\/www.pedroandretta.info\/index\/wp-json\/wp\/v2\/types\/post"}],"author":[{"embeddable":true,"href":"https:\/\/www.pedroandretta.info\/index\/wp-json\/wp\/v2\/users\/1"}],"replies":[{"embeddable":true,"href":"https:\/\/www.pedroandretta.info\/index\/wp-json\/wp\/v2\/comments?post=8885"}],"version-history":[{"count":0,"href":"https:\/\/www.pedroandretta.info\/index\/wp-json\/wp\/v2\/posts\/8885\/revisions"}],"wp:attachment":[{"href":"https:\/\/www.pedroandretta.info\/index\/wp-json\/wp\/v2\/media?parent=8885"}],"wp:term":[{"taxonomy":"category","embeddable":true,"href":"https:\/\/www.pedroandretta.info\/index\/wp-json\/wp\/v2\/categories?post=8885"},{"taxonomy":"post_tag","embeddable":true,"href":"https:\/\/www.pedroandretta.info\/index\/wp-json\/wp\/v2\/tags?post=8885"}],"curies":[{"name":"wp","href":"https:\/\/api.w.org\/{rel}","templated":true}]}}