{"id":8906,"date":"2021-01-20T16:12:32","date_gmt":"2021-01-20T20:12:32","guid":{"rendered":"https:\/\/www.pedroandretta.info\/index\/?p=8906"},"modified":"2021-01-20T16:12:32","modified_gmt":"2021-01-20T20:12:32","slug":"descobrindo-a-aura-de-positividade-da-literatura-l-entrevista-com-marcos-natali","status":"publish","type":"post","link":"https:\/\/www.pedroandretta.info\/index\/2021\/01\/descobrindo-a-aura-de-positividade-da-literatura-l-entrevista-com-marcos-natali\/","title":{"rendered":"Descobrindo a aura de positividade da literatura l #Entrevista com Marcos Natali&#8230;"},"content":{"rendered":"<p>[ad_1]<br \/>\n<img data-recalc-dims=\"1\" decoding=\"async\" src=\"https:\/\/i0.wp.com\/www.pedroandretta.info\/index\/wp-content\/uploads\/2021\/01\/Descobrindo-a-aura-de-positividade-da-literatura-l-Entrevista-com.jpg?w=696&#038;ssl=1\"\/><\/p>\n<blockquote class=\"twitter-tweet\">\n<p lang=\"pt\" dir=\"ltr\">Descobrindo a aura de positividade da literatura l <a target=\"_blank\" href=\"https:\/\/twitter.com\/hashtag\/Entrevista?src=hash&amp;ref_src=twsrc%5Etfw\" rel=\"noopener noreferrer\">#Entrevista<\/a> com Marcos Natali traz reflex\u00f5es sobre a <a target=\"_blank\" href=\"https:\/\/twitter.com\/hashtag\/Literatura?src=hash&amp;ref_src=twsrc%5Etfw\" rel=\"noopener noreferrer\">#Literatura<\/a> e a rela\u00e7\u00e3o com os direitos humanos, a sala de aula, as discursividades ind\u00edgenas, o luto, o racismo, a loucura e a viol\u00eancia\u201d via Unicamp <a target=\"_blank\" href=\"https:\/\/t.co\/M34tKNcWOb\" rel=\"noopener noreferrer\">https:\/\/t.co\/M34tKNcWOb<\/a><\/p>\n<p>&mdash; Pedro Andretta (@pedroisandretta) <a target=\"_blank\" href=\"https:\/\/twitter.com\/pedroisandretta\/status\/1351985987577131008?ref_src=twsrc%5Etfw\" rel=\"noopener noreferrer\">January 20, 2021<\/a><\/p><\/blockquote>\n<p><script async src=\"https:\/\/platform.twitter.com\/widgets.js\" charset=\"utf-8\"><\/script><\/p>\n<p>[ad_2]<br \/>\n<br \/><a href=\"https:\/\/twitter.com\/pedroisandretta\/statuses\/1351985987577131008\">Fonte<\/a> : Projeto <a href=\"https:\/\/www.pedroandretta.info\/informeci\">Informe-CI<\/a><\/p>\n","protected":false},"excerpt":{"rendered":"<p>[ad_1] Descobrindo a aura de positividade da literatura l #Entrevista com Marcos Natali traz reflex\u00f5es sobre a #Literatura e a rela\u00e7\u00e3o com os direitos humanos, a sala de aula, as discursividades ind\u00edgenas, o luto, o racismo, a loucura e a viol\u00eancia\u201d via Unicamp https:\/\/t.co\/M34tKNcWOb &mdash; Pedro Andretta (@pedroisandretta) January 20, 2021 [ad_2] Fonte : Projeto<\/p><\/div>\n<div class=\"blog-btn\"><a href=\"https:\/\/www.pedroandretta.info\/index\/2021\/01\/descobrindo-a-aura-de-positividade-da-literatura-l-entrevista-com-marcos-natali\/\" class=\"home-blog-btn\">Ler mais<\/a><\/p>\n","protected":false},"author":1,"featured_media":8907,"comment_status":"open","ping_status":"open","sticky":false,"template":"","format":"standard","meta":{"_jetpack_memberships_contains_paid_content":false,"footnotes":"","jetpack_publicize_message":"","jetpack_publicize_feature_enabled":true,"jetpack_social_post_already_shared":true,"jetpack_social_options":{"image_generator_settings":{"template":"highway","default_image_id":0,"font":"","enabled":false},"version":2}},"categories":[21],"tags":[601,150],"class_list":["post-8906","post","type-post","status-publish","format-standard","has-post-thumbnail","hentry","category-informeci","tag-entrevista","tag-literatura"],"jetpack_publicize_connections":[],"jetpack_featured_media_url":"https:\/\/i0.wp.com\/www.pedroandretta.info\/index\/wp-content\/uploads\/2021\/01\/Descobrindo-a-aura-de-positividade-da-literatura-l-Entrevista-com.jpg?fit=660%2C360&ssl=1","views":"","jetpack_sharing_enabled":true,"_links":{"self":[{"href":"https:\/\/www.pedroandretta.info\/index\/wp-json\/wp\/v2\/posts\/8906","targetHints":{"allow":["GET"]}}],"collection":[{"href":"https:\/\/www.pedroandretta.info\/index\/wp-json\/wp\/v2\/posts"}],"about":[{"href":"https:\/\/www.pedroandretta.info\/index\/wp-json\/wp\/v2\/types\/post"}],"author":[{"embeddable":true,"href":"https:\/\/www.pedroandretta.info\/index\/wp-json\/wp\/v2\/users\/1"}],"replies":[{"embeddable":true,"href":"https:\/\/www.pedroandretta.info\/index\/wp-json\/wp\/v2\/comments?post=8906"}],"version-history":[{"count":0,"href":"https:\/\/www.pedroandretta.info\/index\/wp-json\/wp\/v2\/posts\/8906\/revisions"}],"wp:featuredmedia":[{"embeddable":true,"href":"https:\/\/www.pedroandretta.info\/index\/wp-json\/wp\/v2\/media\/8907"}],"wp:attachment":[{"href":"https:\/\/www.pedroandretta.info\/index\/wp-json\/wp\/v2\/media?parent=8906"}],"wp:term":[{"taxonomy":"category","embeddable":true,"href":"https:\/\/www.pedroandretta.info\/index\/wp-json\/wp\/v2\/categories?post=8906"},{"taxonomy":"post_tag","embeddable":true,"href":"https:\/\/www.pedroandretta.info\/index\/wp-json\/wp\/v2\/tags?post=8906"}],"curies":[{"name":"wp","href":"https:\/\/api.w.org\/{rel}","templated":true}]}}