{"id":8976,"date":"2021-01-25T20:04:20","date_gmt":"2021-01-26T00:04:20","guid":{"rendered":"https:\/\/www.pedroandretta.info\/index\/?p=8976"},"modified":"2021-01-25T20:04:20","modified_gmt":"2021-01-26T00:04:20","slug":"felipe-neto-e-o-maior-critico-literario-do-brasil-l-para-ser-honesto-felipe-ne","status":"publish","type":"post","link":"https:\/\/www.pedroandretta.info\/index\/2021\/01\/felipe-neto-e-o-maior-critico-literario-do-brasil-l-para-ser-honesto-felipe-ne\/","title":{"rendered":"Felipe Neto \u00e9 o maior cr\u00edtico liter\u00e1rio do Brasil l \u201cPara ser honesto, Felipe Ne&#8230;"},"content":{"rendered":"<p>[ad_1]<\/p>\n<blockquote class=\"twitter-tweet\">\n<p lang=\"pt\" dir=\"ltr\">Felipe Neto \u00e9 o maior cr\u00edtico liter\u00e1rio do Brasil l \u201cPara ser honesto, Felipe Neto n\u00e3o est\u00e1 totalmente errado. Mais uma vez, ele acertou errando.\u201d <a target=\"_blank\" href=\"https:\/\/twitter.com\/hashtag\/MachadoDeAssis?src=hash&amp;ref_src=twsrc%5Etfw\" rel=\"noopener noreferrer\">#MachadoDeAssis<\/a> <a target=\"_blank\" href=\"https:\/\/twitter.com\/hashtag\/Literatura?src=hash&amp;ref_src=twsrc%5Etfw\" rel=\"noopener noreferrer\">#Literatura<\/a> <a target=\"_blank\" href=\"https:\/\/twitter.com\/hashtag\/Forma%C3%A7%C3%A3oDeLeitores?src=hash&amp;ref_src=twsrc%5Etfw\" rel=\"noopener noreferrer\">#Forma\u00e7\u00e3oDeLeitores<\/a>  via Revista Bula <a target=\"_blank\" href=\"https:\/\/t.co\/2s1Xfmnh0B\" rel=\"noopener noreferrer\">https:\/\/t.co\/2s1Xfmnh0B<\/a><\/p>\n<p>&mdash; Pedro Andretta (@pedroisandretta) <a target=\"_blank\" href=\"https:\/\/twitter.com\/pedroisandretta\/status\/1353856260089786368?ref_src=twsrc%5Etfw\" rel=\"noopener noreferrer\">January 26, 2021<\/a><\/p><\/blockquote>\n<p><script async src=\"https:\/\/platform.twitter.com\/widgets.js\" charset=\"utf-8\"><\/script><\/p>\n<p>[ad_2]<br \/>\n<br \/><a href=\"https:\/\/twitter.com\/pedroisandretta\/statuses\/1353856260089786368\">Fonte<\/a> : Projeto <a href=\"https:\/\/www.pedroandretta.info\/informeci\">Informe-CI<\/a><\/p>\n","protected":false},"excerpt":{"rendered":"<p>[ad_1] Felipe Neto \u00e9 o maior cr\u00edtico liter\u00e1rio do Brasil l \u201cPara ser honesto, Felipe Neto n\u00e3o est\u00e1 totalmente errado. Mais uma vez, ele acertou errando.\u201d #MachadoDeAssis #Literatura #Forma\u00e7\u00e3oDeLeitores via Revista Bula https:\/\/t.co\/2s1Xfmnh0B &mdash; Pedro Andretta (@pedroisandretta) January 26, 2021 [ad_2] Fonte : Projeto Informe-CI<\/p>\n","protected":false},"author":1,"featured_media":0,"comment_status":"open","ping_status":"open","sticky":false,"template":"","format":"standard","meta":{"_jetpack_memberships_contains_paid_content":false,"footnotes":"","jetpack_publicize_message":"","jetpack_publicize_feature_enabled":true,"jetpack_social_post_already_shared":true,"jetpack_social_options":{"image_generator_settings":{"template":"highway","default_image_id":0,"font":"","enabled":false},"version":2}},"categories":[21],"tags":[922,150,968],"class_list":["post-8976","post","type-post","status-publish","format-standard","hentry","category-informeci","tag-formacaodeleitores","tag-literatura","tag-machadodeassis"],"jetpack_publicize_connections":[],"jetpack_featured_media_url":"","views":"","jetpack_sharing_enabled":true,"_links":{"self":[{"href":"https:\/\/www.pedroandretta.info\/index\/wp-json\/wp\/v2\/posts\/8976","targetHints":{"allow":["GET"]}}],"collection":[{"href":"https:\/\/www.pedroandretta.info\/index\/wp-json\/wp\/v2\/posts"}],"about":[{"href":"https:\/\/www.pedroandretta.info\/index\/wp-json\/wp\/v2\/types\/post"}],"author":[{"embeddable":true,"href":"https:\/\/www.pedroandretta.info\/index\/wp-json\/wp\/v2\/users\/1"}],"replies":[{"embeddable":true,"href":"https:\/\/www.pedroandretta.info\/index\/wp-json\/wp\/v2\/comments?post=8976"}],"version-history":[{"count":0,"href":"https:\/\/www.pedroandretta.info\/index\/wp-json\/wp\/v2\/posts\/8976\/revisions"}],"wp:attachment":[{"href":"https:\/\/www.pedroandretta.info\/index\/wp-json\/wp\/v2\/media?parent=8976"}],"wp:term":[{"taxonomy":"category","embeddable":true,"href":"https:\/\/www.pedroandretta.info\/index\/wp-json\/wp\/v2\/categories?post=8976"},{"taxonomy":"post_tag","embeddable":true,"href":"https:\/\/www.pedroandretta.info\/index\/wp-json\/wp\/v2\/tags?post=8976"}],"curies":[{"name":"wp","href":"https:\/\/api.w.org\/{rel}","templated":true}]}}