{"id":9029,"date":"2021-01-27T21:43:42","date_gmt":"2021-01-28T01:43:42","guid":{"rendered":"https:\/\/www.pedroandretta.info\/index\/?p=9029"},"modified":"2021-01-27T21:43:42","modified_gmt":"2021-01-28T01:43:42","slug":"politicas-de-desenvolvimento-de-colecoes-ageis-uma-meta-alcancavel-l-a-politica","status":"publish","type":"post","link":"https:\/\/www.pedroandretta.info\/index\/2021\/01\/politicas-de-desenvolvimento-de-colecoes-ageis-uma-meta-alcancavel-l-a-politica\/","title":{"rendered":"Pol\u00edticas de desenvolvimento de cole\u00e7\u00f5es \u00e1geis: uma meta alcan\u00e7\u00e1vel l A Pol\u00edtica&#8230;"},"content":{"rendered":"<p>[ad_1]<\/p>\n<blockquote class=\"twitter-tweet\">\n<p lang=\"pt\" dir=\"ltr\">Pol\u00edticas de desenvolvimento de cole\u00e7\u00f5es \u00e1geis: uma meta alcan\u00e7\u00e1vel l A Pol\u00edtica de <a target=\"_blank\" href=\"https:\/\/twitter.com\/hashtag\/Forma%C3%A7%C3%A3oDeCole%C3%A7%C3%B5es?src=hash&amp;ref_src=twsrc%5Etfw\" rel=\"noopener noreferrer\">#Forma\u00e7\u00e3oDeCole\u00e7\u00f5es<\/a> \u00e9 \u201cuma entidade viva e respirante que \u00e9 sempre pensada, sempre vivida, sempre consertada e nunca totalmente conclu\u00edda\u201d. <a target=\"_blank\" href=\"https:\/\/t.co\/ScPif1l5z8\" rel=\"noopener noreferrer\">https:\/\/t.co\/ScPif1l5z8<\/a> <a target=\"_blank\" href=\"https:\/\/t.co\/UgesZfDAFP\" rel=\"noopener noreferrer\">pic.twitter.com\/UgesZfDAFP<\/a><\/p>\n<p>&mdash; Pedro Andretta (@pedroisandretta) <a target=\"_blank\" href=\"https:\/\/twitter.com\/pedroisandretta\/status\/1354606042370465795?ref_src=twsrc%5Etfw\" rel=\"noopener noreferrer\">January 28, 2021<\/a><\/p><\/blockquote>\n<p><script async src=\"https:\/\/platform.twitter.com\/widgets.js\" charset=\"utf-8\"><\/script><\/p>\n<p>[ad_2]<br \/>\n<br \/><a href=\"https:\/\/twitter.com\/pedroisandretta\/statuses\/1354606042370465795\">Fonte<\/a> : Projeto <a href=\"https:\/\/www.pedroandretta.info\/informeci\">Informe-CI<\/a><\/p>\n","protected":false},"excerpt":{"rendered":"<p>[ad_1] Pol\u00edticas de desenvolvimento de cole\u00e7\u00f5es \u00e1geis: uma meta alcan\u00e7\u00e1vel l A Pol\u00edtica de #Forma\u00e7\u00e3oDeCole\u00e7\u00f5es \u00e9 \u201cuma entidade viva e respirante que \u00e9 sempre pensada, sempre vivida, sempre consertada e nunca totalmente conclu\u00edda\u201d. https:\/\/t.co\/ScPif1l5z8 pic.twitter.com\/UgesZfDAFP &mdash; Pedro Andretta (@pedroisandretta) January 28, 2021 [ad_2] Fonte : Projeto Informe-CI<\/p>\n","protected":false},"author":1,"featured_media":9030,"comment_status":"open","ping_status":"open","sticky":false,"template":"","format":"standard","meta":{"_jetpack_memberships_contains_paid_content":false,"footnotes":"","jetpack_publicize_message":"","jetpack_publicize_feature_enabled":true,"jetpack_social_post_already_shared":true,"jetpack_social_options":{"image_generator_settings":{"template":"highway","default_image_id":0,"font":"","enabled":false},"version":2}},"categories":[21],"tags":[51],"class_list":["post-9029","post","type-post","status-publish","format-standard","has-post-thumbnail","hentry","category-informeci","tag-formacaodecolecoes"],"jetpack_publicize_connections":[],"jetpack_featured_media_url":"https:\/\/i0.wp.com\/www.pedroandretta.info\/index\/wp-content\/uploads\/2021\/01\/Politicas-de-desenvolvimento-de-colecoes-ageis-uma-meta-alcancavel-l.jpg?fit=595%2C1055&ssl=1","views":"","jetpack_sharing_enabled":true,"_links":{"self":[{"href":"https:\/\/www.pedroandretta.info\/index\/wp-json\/wp\/v2\/posts\/9029","targetHints":{"allow":["GET"]}}],"collection":[{"href":"https:\/\/www.pedroandretta.info\/index\/wp-json\/wp\/v2\/posts"}],"about":[{"href":"https:\/\/www.pedroandretta.info\/index\/wp-json\/wp\/v2\/types\/post"}],"author":[{"embeddable":true,"href":"https:\/\/www.pedroandretta.info\/index\/wp-json\/wp\/v2\/users\/1"}],"replies":[{"embeddable":true,"href":"https:\/\/www.pedroandretta.info\/index\/wp-json\/wp\/v2\/comments?post=9029"}],"version-history":[{"count":0,"href":"https:\/\/www.pedroandretta.info\/index\/wp-json\/wp\/v2\/posts\/9029\/revisions"}],"wp:featuredmedia":[{"embeddable":true,"href":"https:\/\/www.pedroandretta.info\/index\/wp-json\/wp\/v2\/media\/9030"}],"wp:attachment":[{"href":"https:\/\/www.pedroandretta.info\/index\/wp-json\/wp\/v2\/media?parent=9029"}],"wp:term":[{"taxonomy":"category","embeddable":true,"href":"https:\/\/www.pedroandretta.info\/index\/wp-json\/wp\/v2\/categories?post=9029"},{"taxonomy":"post_tag","embeddable":true,"href":"https:\/\/www.pedroandretta.info\/index\/wp-json\/wp\/v2\/tags?post=9029"}],"curies":[{"name":"wp","href":"https:\/\/api.w.org\/{rel}","templated":true}]}}