{"id":9031,"date":"2021-01-28T16:14:14","date_gmt":"2021-01-28T20:14:14","guid":{"rendered":"https:\/\/www.pedroandretta.info\/index\/?p=9031"},"modified":"2021-01-28T16:14:14","modified_gmt":"2021-01-28T20:14:14","slug":"museu-do-indio-e-funai-abrem-exposicao-virtual-l-os-ceus-dos-povos-originarios","status":"publish","type":"post","link":"https:\/\/www.pedroandretta.info\/index\/2021\/01\/museu-do-indio-e-funai-abrem-exposicao-virtual-l-os-ceus-dos-povos-originarios\/","title":{"rendered":"Museu do \u00cdndio e Funai abrem exposi\u00e7\u00e3o virtual l  \u201cOs c\u00e9us dos povos origin\u00e1rios&#8230;"},"content":{"rendered":"<p>[ad_1]<\/p>\n<blockquote class=\"twitter-tweet\">\n<p lang=\"pt\" dir=\"ltr\">Museu do \u00cdndio e Funai abrem exposi\u00e7\u00e3o virtual l  \u201cOs c\u00e9us dos povos origin\u00e1rios\u201d \u00e9 uma <a target=\"_blank\" href=\"https:\/\/twitter.com\/hashtag\/Exposi%C3%A7%C3%A3oVirtual?src=hash&amp;ref_src=twsrc%5Etfw\" rel=\"noopener noreferrer\">#Exposi\u00e7\u00e3oVirtual<\/a> constitu\u00edda por 30 imagens e hist\u00f3rias sobre c\u00e9us e terras, contadas por crian\u00e7as e adolescentes <a target=\"_blank\" href=\"https:\/\/twitter.com\/hashtag\/ind%C3%ADgenas?src=hash&amp;ref_src=twsrc%5Etfw\" rel=\"noopener noreferrer\">#ind\u00edgenas<\/a> de idade entre 5 e 15 anos.\u201d via MAST <a target=\"_blank\" href=\"https:\/\/t.co\/71t5GLaLEk\" rel=\"noopener noreferrer\">https:\/\/t.co\/71t5GLaLEk<\/a><\/p>\n<p>&mdash; Pedro Andretta (@pedroisandretta) <a target=\"_blank\" href=\"https:\/\/twitter.com\/pedroisandretta\/status\/1354885515972124674?ref_src=twsrc%5Etfw\" rel=\"noopener noreferrer\">January 28, 2021<\/a><\/p><\/blockquote>\n<p><script async src=\"https:\/\/platform.twitter.com\/widgets.js\" charset=\"utf-8\"><\/script><\/p>\n<p>[ad_2]<br \/>\n<br \/><a href=\"https:\/\/twitter.com\/pedroisandretta\/statuses\/1354885515972124674\">Fonte<\/a> : Projeto <a href=\"https:\/\/www.pedroandretta.info\/informeci\">Informe-CI<\/a><\/p>\n","protected":false},"excerpt":{"rendered":"<p>[ad_1] Museu do \u00cdndio e Funai abrem exposi\u00e7\u00e3o virtual l \u201cOs c\u00e9us dos povos origin\u00e1rios\u201d \u00e9 uma #Exposi\u00e7\u00e3oVirtual constitu\u00edda por 30 imagens e hist\u00f3rias sobre c\u00e9us e terras, contadas por crian\u00e7as e adolescentes #ind\u00edgenas de idade entre 5 e 15 anos.\u201d via MAST https:\/\/t.co\/71t5GLaLEk &mdash; Pedro Andretta (@pedroisandretta) January 28, 2021 [ad_2] Fonte : Projeto<\/p><\/div>\n<div class=\"blog-btn\"><a href=\"https:\/\/www.pedroandretta.info\/index\/2021\/01\/museu-do-indio-e-funai-abrem-exposicao-virtual-l-os-ceus-dos-povos-originarios\/\" class=\"home-blog-btn\">Ler mais<\/a><\/p>\n","protected":false},"author":1,"featured_media":0,"comment_status":"open","ping_status":"open","sticky":false,"template":"","format":"standard","meta":{"_jetpack_memberships_contains_paid_content":false,"footnotes":"","jetpack_publicize_message":"","jetpack_publicize_feature_enabled":true,"jetpack_social_post_already_shared":true,"jetpack_social_options":{"image_generator_settings":{"template":"highway","default_image_id":0,"font":"","enabled":false},"version":2}},"categories":[21],"tags":[680,2700],"class_list":["post-9031","post","type-post","status-publish","format-standard","hentry","category-informeci","tag-exposicaovirtual","tag-povosindigenas"],"jetpack_publicize_connections":[],"jetpack_featured_media_url":"","views":"","jetpack_sharing_enabled":true,"_links":{"self":[{"href":"https:\/\/www.pedroandretta.info\/index\/wp-json\/wp\/v2\/posts\/9031","targetHints":{"allow":["GET"]}}],"collection":[{"href":"https:\/\/www.pedroandretta.info\/index\/wp-json\/wp\/v2\/posts"}],"about":[{"href":"https:\/\/www.pedroandretta.info\/index\/wp-json\/wp\/v2\/types\/post"}],"author":[{"embeddable":true,"href":"https:\/\/www.pedroandretta.info\/index\/wp-json\/wp\/v2\/users\/1"}],"replies":[{"embeddable":true,"href":"https:\/\/www.pedroandretta.info\/index\/wp-json\/wp\/v2\/comments?post=9031"}],"version-history":[{"count":0,"href":"https:\/\/www.pedroandretta.info\/index\/wp-json\/wp\/v2\/posts\/9031\/revisions"}],"wp:attachment":[{"href":"https:\/\/www.pedroandretta.info\/index\/wp-json\/wp\/v2\/media?parent=9031"}],"wp:term":[{"taxonomy":"category","embeddable":true,"href":"https:\/\/www.pedroandretta.info\/index\/wp-json\/wp\/v2\/categories?post=9031"},{"taxonomy":"post_tag","embeddable":true,"href":"https:\/\/www.pedroandretta.info\/index\/wp-json\/wp\/v2\/tags?post=9031"}],"curies":[{"name":"wp","href":"https:\/\/api.w.org\/{rel}","templated":true}]}}