{"id":9034,"date":"2021-01-28T16:04:37","date_gmt":"2021-01-28T20:04:37","guid":{"rendered":"https:\/\/www.pedroandretta.info\/index\/?p=9034"},"modified":"2021-01-28T16:04:37","modified_gmt":"2021-01-28T20:04:37","slug":"eu-fico-em-silencio-l-um-livro-ilustrado-emocionante-para-leitores-de-todas-as","status":"publish","type":"post","link":"https:\/\/www.pedroandretta.info\/index\/2021\/01\/eu-fico-em-silencio-l-um-livro-ilustrado-emocionante-para-leitores-de-todas-as\/","title":{"rendered":"Eu fico em sil\u00eancio l \u201cUm livro ilustrado emocionante para leitores de todas as &#8230;"},"content":{"rendered":"<p>[ad_1]<\/p>\n<blockquote class=\"twitter-tweet\">\n<p lang=\"pt\" dir=\"ltr\">Eu fico em sil\u00eancio l \u201cUm livro ilustrado emocionante para leitores de todas as idades que faz uma linda homenagem aos <a target=\"_blank\" href=\"https:\/\/twitter.com\/hashtag\/livros?src=hash&amp;ref_src=twsrc%5Etfw\" rel=\"noopener noreferrer\">#livros<\/a> e \u00e0 esperan\u00e7a que as hist\u00f3rias nos trazem\u201c <a target=\"_blank\" href=\"https:\/\/twitter.com\/hashtag\/LiteraturaInfantoJuvenil?src=hash&amp;ref_src=twsrc%5Etfw\" rel=\"noopener noreferrer\">#LiteraturaInfantoJuvenil<\/a> <a target=\"_blank\" href=\"https:\/\/twitter.com\/hashtag\/Sa%C3%BAdeMental?src=hash&amp;ref_src=twsrc%5Etfw\" rel=\"noopener noreferrer\">#Sa\u00fadeMental<\/a> <a target=\"_blank\" href=\"https:\/\/twitter.com\/hashtag\/ListasDeLivros?src=hash&amp;ref_src=twsrc%5Etfw\" rel=\"noopener noreferrer\">#ListasDeLivros<\/a>  via  Companhia das Letras <a target=\"_blank\" href=\"https:\/\/t.co\/ZHwCADoClb\" rel=\"noopener noreferrer\">https:\/\/t.co\/ZHwCADoClb<\/a><\/p>\n<p>&mdash; Pedro Andretta (@pedroisandretta) <a target=\"_blank\" href=\"https:\/\/twitter.com\/pedroisandretta\/status\/1354883098748592131?ref_src=twsrc%5Etfw\" rel=\"noopener noreferrer\">January 28, 2021<\/a><\/p><\/blockquote>\n<p><script async src=\"https:\/\/platform.twitter.com\/widgets.js\" charset=\"utf-8\"><\/script><\/p>\n<p>[ad_2]<br \/>\n<br \/><a href=\"https:\/\/twitter.com\/pedroisandretta\/statuses\/1354883098748592131\">Fonte<\/a> : Projeto <a href=\"https:\/\/www.pedroandretta.info\/informeci\">Informe-CI<\/a><\/p>\n","protected":false},"excerpt":{"rendered":"<p>[ad_1] Eu fico em sil\u00eancio l \u201cUm livro ilustrado emocionante para leitores de todas as idades que faz uma linda homenagem aos #livros e \u00e0 esperan\u00e7a que as hist\u00f3rias nos trazem\u201c #LiteraturaInfantoJuvenil #Sa\u00fadeMental #ListasDeLivros via Companhia das Letras https:\/\/t.co\/ZHwCADoClb &mdash; Pedro Andretta (@pedroisandretta) January 28, 2021 [ad_2] Fonte : Projeto Informe-CI<\/p>\n","protected":false},"author":1,"featured_media":0,"comment_status":"open","ping_status":"open","sticky":false,"template":"","format":"standard","meta":{"_jetpack_memberships_contains_paid_content":false,"footnotes":"","jetpack_publicize_message":"","jetpack_publicize_feature_enabled":true,"jetpack_social_post_already_shared":true,"jetpack_social_options":{"image_generator_settings":{"template":"highway","default_image_id":0,"font":"","enabled":false},"version":2}},"categories":[21],"tags":[537,472,63,1856],"class_list":["post-9034","post","type-post","status-publish","format-standard","hentry","category-informeci","tag-listasdelivros","tag-literaturainfantojuvenil","tag-livros","tag-saudemental"],"jetpack_publicize_connections":[],"jetpack_featured_media_url":"","views":"","jetpack_sharing_enabled":true,"_links":{"self":[{"href":"https:\/\/www.pedroandretta.info\/index\/wp-json\/wp\/v2\/posts\/9034","targetHints":{"allow":["GET"]}}],"collection":[{"href":"https:\/\/www.pedroandretta.info\/index\/wp-json\/wp\/v2\/posts"}],"about":[{"href":"https:\/\/www.pedroandretta.info\/index\/wp-json\/wp\/v2\/types\/post"}],"author":[{"embeddable":true,"href":"https:\/\/www.pedroandretta.info\/index\/wp-json\/wp\/v2\/users\/1"}],"replies":[{"embeddable":true,"href":"https:\/\/www.pedroandretta.info\/index\/wp-json\/wp\/v2\/comments?post=9034"}],"version-history":[{"count":0,"href":"https:\/\/www.pedroandretta.info\/index\/wp-json\/wp\/v2\/posts\/9034\/revisions"}],"wp:attachment":[{"href":"https:\/\/www.pedroandretta.info\/index\/wp-json\/wp\/v2\/media?parent=9034"}],"wp:term":[{"taxonomy":"category","embeddable":true,"href":"https:\/\/www.pedroandretta.info\/index\/wp-json\/wp\/v2\/categories?post=9034"},{"taxonomy":"post_tag","embeddable":true,"href":"https:\/\/www.pedroandretta.info\/index\/wp-json\/wp\/v2\/tags?post=9034"}],"curies":[{"name":"wp","href":"https:\/\/api.w.org\/{rel}","templated":true}]}}