{"id":9093,"date":"2021-02-01T14:41:36","date_gmt":"2021-02-01T18:41:36","guid":{"rendered":"https:\/\/www.pedroandretta.info\/index\/?p=9093"},"modified":"2021-02-01T14:41:36","modified_gmt":"2021-02-01T18:41:36","slug":"primeiro-dia-de-prova-digital-do-enem-tem-abstencao-recorde-de-681-e-problema","status":"publish","type":"post","link":"https:\/\/www.pedroandretta.info\/index\/2021\/02\/primeiro-dia-de-prova-digital-do-enem-tem-abstencao-recorde-de-681-e-problema\/","title":{"rendered":"Primeiro dia de prova digital do #Enem tem absten\u00e7\u00e3o recorde de 68,1% e problema&#8230;"},"content":{"rendered":"<p>[ad_1]<br \/>\n<img data-recalc-dims=\"1\" decoding=\"async\" src=\"https:\/\/i0.wp.com\/www.pedroandretta.info\/index\/wp-content\/uploads\/2021\/01\/Inep-muda-gabarito-de-item-do-Enem-que-indicava-que.jpg?w=696&#038;ssl=1\"\/><\/p>\n<blockquote class=\"twitter-tweet\">\n<p lang=\"pt\" dir=\"ltr\">Primeiro dia de prova digital do <a target=\"_blank\" href=\"https:\/\/twitter.com\/hashtag\/Enem?src=hash&amp;ref_src=twsrc%5Etfw\" rel=\"noopener noreferrer\">#Enem<\/a> tem absten\u00e7\u00e3o recorde de 68,1% e problemas na aplica\u00e7\u00e3o l \u201cO tema da reda\u00e7\u00e3o da edi\u00e7\u00e3o foi \u201cO desafio de reduzir as <a target=\"_blank\" href=\"https:\/\/twitter.com\/hashtag\/desigualdades?src=hash&amp;ref_src=twsrc%5Etfw\" rel=\"noopener noreferrer\">#desigualdades<\/a> entre as regi\u00f5es do Brasil\u201d. <a target=\"_blank\" href=\"https:\/\/twitter.com\/hashtag\/EnemDigital?src=hash&amp;ref_src=twsrc%5Etfw\" rel=\"noopener noreferrer\">#EnemDigital<\/a> via Folha <a target=\"_blank\" href=\"https:\/\/t.co\/6gxm9ceeqp\" rel=\"noopener noreferrer\">https:\/\/t.co\/6gxm9ceeqp<\/a><\/p>\n<p>&mdash; Pedro Andretta (@pedroisandretta) <a target=\"_blank\" href=\"https:\/\/twitter.com\/pedroisandretta\/status\/1356311757149634560?ref_src=twsrc%5Etfw\" rel=\"noopener noreferrer\">February 1, 2021<\/a><\/p><\/blockquote>\n<p><script async src=\"https:\/\/platform.twitter.com\/widgets.js\" charset=\"utf-8\"><\/script><\/p>\n<p>[ad_2]<br \/>\n<br \/><a href=\"https:\/\/twitter.com\/pedroisandretta\/statuses\/1356311757149634560\">Fonte<\/a> : Projeto <a href=\"https:\/\/www.pedroandretta.info\/informeci\">Informe-CI<\/a><\/p>\n","protected":false},"excerpt":{"rendered":"<p>[ad_1] Primeiro dia de prova digital do #Enem tem absten\u00e7\u00e3o recorde de 68,1% e problemas na aplica\u00e7\u00e3o l \u201cO tema da reda\u00e7\u00e3o da edi\u00e7\u00e3o foi \u201cO desafio de reduzir as #desigualdades entre as regi\u00f5es do Brasil\u201d. #EnemDigital via Folha https:\/\/t.co\/6gxm9ceeqp &mdash; Pedro Andretta (@pedroisandretta) February 1, 2021 [ad_2] Fonte : Projeto Informe-CI<\/p>\n","protected":false},"author":1,"featured_media":9051,"comment_status":"open","ping_status":"open","sticky":false,"template":"","format":"standard","meta":{"_jetpack_memberships_contains_paid_content":false,"footnotes":"","jetpack_publicize_message":"","jetpack_publicize_feature_enabled":true,"jetpack_social_post_already_shared":true,"jetpack_social_options":{"image_generator_settings":{"template":"highway","default_image_id":0,"font":"","enabled":false},"version":2}},"categories":[21],"tags":[349,1331,1901],"class_list":["post-9093","post","type-post","status-publish","format-standard","has-post-thumbnail","hentry","category-informeci","tag-desigualdade","tag-enem","tag-enemdigital"],"jetpack_publicize_connections":[],"jetpack_featured_media_url":"https:\/\/i0.wp.com\/www.pedroandretta.info\/index\/wp-content\/uploads\/2021\/01\/Inep-muda-gabarito-de-item-do-Enem-que-indicava-que.jpg?fit=2400%2C1600&ssl=1","views":"","jetpack_sharing_enabled":true,"_links":{"self":[{"href":"https:\/\/www.pedroandretta.info\/index\/wp-json\/wp\/v2\/posts\/9093","targetHints":{"allow":["GET"]}}],"collection":[{"href":"https:\/\/www.pedroandretta.info\/index\/wp-json\/wp\/v2\/posts"}],"about":[{"href":"https:\/\/www.pedroandretta.info\/index\/wp-json\/wp\/v2\/types\/post"}],"author":[{"embeddable":true,"href":"https:\/\/www.pedroandretta.info\/index\/wp-json\/wp\/v2\/users\/1"}],"replies":[{"embeddable":true,"href":"https:\/\/www.pedroandretta.info\/index\/wp-json\/wp\/v2\/comments?post=9093"}],"version-history":[{"count":0,"href":"https:\/\/www.pedroandretta.info\/index\/wp-json\/wp\/v2\/posts\/9093\/revisions"}],"wp:featuredmedia":[{"embeddable":true,"href":"https:\/\/www.pedroandretta.info\/index\/wp-json\/wp\/v2\/media\/9051"}],"wp:attachment":[{"href":"https:\/\/www.pedroandretta.info\/index\/wp-json\/wp\/v2\/media?parent=9093"}],"wp:term":[{"taxonomy":"category","embeddable":true,"href":"https:\/\/www.pedroandretta.info\/index\/wp-json\/wp\/v2\/categories?post=9093"},{"taxonomy":"post_tag","embeddable":true,"href":"https:\/\/www.pedroandretta.info\/index\/wp-json\/wp\/v2\/tags?post=9093"}],"curies":[{"name":"wp","href":"https:\/\/api.w.org\/{rel}","templated":true}]}}