{"id":9095,"date":"2021-02-01T18:43:31","date_gmt":"2021-02-01T22:43:31","guid":{"rendered":"https:\/\/www.pedroandretta.info\/index\/?p=9095"},"modified":"2022-04-09T00:48:40","modified_gmt":"2022-04-09T04:48:40","slug":"a-historia-nao-e-apenas-acao-dos-grandes-homens-mas-sim-de-todos-os-homens-que","status":"publish","type":"post","link":"https:\/\/www.pedroandretta.info\/index\/2021\/02\/a-historia-nao-e-apenas-acao-dos-grandes-homens-mas-sim-de-todos-os-homens-que\/","title":{"rendered":"\u201cA hist\u00f3ria n\u00e3o \u00e9 apenas a\u00e7\u00e3o dos grandes homens, mas sim de todos os homens que&#8230;"},"content":{"rendered":"<p>[ad_1]<\/p>\n<blockquote class=\"twitter-tweet\">\n<p dir=\"ltr\" lang=\"pt\">\u201cA hist\u00f3ria n\u00e3o \u00e9 apenas a\u00e7\u00e3o dos grandes homens, mas sim de todos os homens que operam cotidianamente para a realiza\u00e7\u00e3o de a\u00e7\u00f5es que resultam em movimentos dessa mesma hist\u00f3ria\u201dl  <a target=\"_blank\" href=\"https:\/\/twitter.com\/hashtag\/Entrevista?src=hash&amp;ref_src=twsrc%5Etfw\" rel=\"noopener noreferrer\">#Entrevista<\/a> com Am\u00e9rico Baptista Villela <a target=\"_blank\" href=\"https:\/\/twitter.com\/hashtag\/CentroDeDocumenta%C3%A7%C3%A3o?src=hash&amp;ref_src=twsrc%5Etfw\" rel=\"noopener noreferrer\">#CentroDeDocumenta\u00e7\u00e3o<\/a> via Archivoz <a target=\"_blank\" href=\"https:\/\/t.co\/qL1F6d8g2x\" rel=\"noopener noreferrer\">https:\/\/t.co\/qL1F6d8g2x<\/a><\/p>\n<p>\u2014 Pedro Andretta (@pedroisandretta) <a target=\"_blank\" href=\"https:\/\/twitter.com\/pedroisandretta\/status\/1356372636679495681?ref_src=twsrc%5Etfw\" rel=\"noopener noreferrer\">February 1, 2021<\/a><\/p><\/blockquote>\n<p><script async=\"\" src=\"https:\/\/platform.twitter.com\/widgets.js\" charset=\"utf-8\"><\/script><\/p>\n<p>[ad_2]<\/p>\n<p><a href=\"https:\/\/twitter.com\/pedroisandretta\/statuses\/1356372636679495681\">Fonte<\/a> : Projeto <a href=\"https:\/\/www.pedroandretta.info\/informeci\">Informe-CI<\/a><\/p>\n","protected":false},"excerpt":{"rendered":"<p>[ad_1] \u201cA hist\u00f3ria n\u00e3o \u00e9 apenas a\u00e7\u00e3o dos grandes homens, mas sim de todos os homens que operam cotidianamente para a realiza\u00e7\u00e3o de a\u00e7\u00f5es que resultam em movimentos dessa mesma hist\u00f3ria\u201dl #Entrevista com Am\u00e9rico Baptista Villela #CentroDeDocumenta\u00e7\u00e3o via Archivoz https:\/\/t.co\/qL1F6d8g2x \u2014 Pedro Andretta (@pedroisandretta) February 1, 2021 [ad_2] Fonte : Projeto Informe-CI<\/p>\n","protected":false},"author":1,"featured_media":0,"comment_status":"open","ping_status":"open","sticky":false,"template":"","format":"standard","meta":{"_jetpack_memberships_contains_paid_content":false,"footnotes":"","jetpack_publicize_message":"","jetpack_publicize_feature_enabled":true,"jetpack_social_post_already_shared":true,"jetpack_social_options":{"image_generator_settings":{"template":"highway","default_image_id":0,"font":"","enabled":false},"version":2}},"categories":[21],"tags":[3026,601],"class_list":["post-9095","post","type-post","status-publish","format-standard","hentry","category-informeci","tag-centrosdedocumentacao","tag-entrevista"],"jetpack_publicize_connections":[],"jetpack_featured_media_url":"","views":"","jetpack_sharing_enabled":true,"_links":{"self":[{"href":"https:\/\/www.pedroandretta.info\/index\/wp-json\/wp\/v2\/posts\/9095","targetHints":{"allow":["GET"]}}],"collection":[{"href":"https:\/\/www.pedroandretta.info\/index\/wp-json\/wp\/v2\/posts"}],"about":[{"href":"https:\/\/www.pedroandretta.info\/index\/wp-json\/wp\/v2\/types\/post"}],"author":[{"embeddable":true,"href":"https:\/\/www.pedroandretta.info\/index\/wp-json\/wp\/v2\/users\/1"}],"replies":[{"embeddable":true,"href":"https:\/\/www.pedroandretta.info\/index\/wp-json\/wp\/v2\/comments?post=9095"}],"version-history":[{"count":0,"href":"https:\/\/www.pedroandretta.info\/index\/wp-json\/wp\/v2\/posts\/9095\/revisions"}],"wp:attachment":[{"href":"https:\/\/www.pedroandretta.info\/index\/wp-json\/wp\/v2\/media?parent=9095"}],"wp:term":[{"taxonomy":"category","embeddable":true,"href":"https:\/\/www.pedroandretta.info\/index\/wp-json\/wp\/v2\/categories?post=9095"},{"taxonomy":"post_tag","embeddable":true,"href":"https:\/\/www.pedroandretta.info\/index\/wp-json\/wp\/v2\/tags?post=9095"}],"curies":[{"name":"wp","href":"https:\/\/api.w.org\/{rel}","templated":true}]}}